{"id":24436,"date":"2020-01-20T12:21:09","date_gmt":"2020-01-20T12:21:09","guid":{"rendered":"https:\/\/armstrongyregion.com.ar\/diario\/?p=24436"},"modified":"2020-01-20T12:21:15","modified_gmt":"2020-01-20T12:21:15","slug":"una-mujer-murio-calcinada-en-un-auto-y-sospechan-de-su-pareja","status":"publish","type":"post","link":"https:\/\/armstrongyregion.com.ar\/diario\/una-mujer-murio-calcinada-en-un-auto-y-sospechan-de-su-pareja\/","title":{"rendered":"Una mujer muri\u00f3 calcinada en un auto y sospechan de su pareja"},"content":{"rendered":"\n<figure class=\"wp-block-image\"><img loading=\"lazy\" decoding=\"async\" width=\"768\" height=\"431\" src=\"http:\/\/armstrongyregion.com.ar\/diario\/wp-content\/uploads\/2020\/01\/mujer-murio-calcinada.jpg\" alt=\"\" class=\"wp-image-24437\" srcset=\"https:\/\/armstrongyregion.com.ar\/diario\/wp-content\/uploads\/2020\/01\/mujer-murio-calcinada.jpg 768w, https:\/\/armstrongyregion.com.ar\/diario\/wp-content\/uploads\/2020\/01\/mujer-murio-calcinada-300x168.jpg 300w\" sizes=\"auto, (max-width: 768px) 100vw, 768px\" \/><\/figure>\n\n\n\n<h2 class=\"wp-block-heading\"> Una mujer de 33 a\u00f1os falleci\u00f3 calcinada en el interior del veh\u00edculo en el que se desplazaba en la zona rural de la localidad de Alejandra, en el departamento San Javier, y por el hecho qued\u00f3 detenido su pareja, un hombre de 63 a\u00f1os. <\/h2>\n\n\n\n<p>Una mujer de 33 a\u00f1os falleci\u00f3 calcinada en el interior del veh\u00edculo en el que se desplazaba en la zona rural de la localidad de Alejandra, en el departamento San Javier, y por el hecho qued\u00f3 detenido su pareja, un hombre de 63 a\u00f1os. El hecho se produjo alrededor de las 4 del s\u00e1bado cuando un Renault 9 se incendi\u00f3 a pocos metros de la costera ruta provincial 1, a unos dos kil\u00f3metros al sur de la localidad de Alejandra, 236 kil\u00f3metros al norte de la ciudad de Santa Fe.<\/p>\n\n\n\n<p>El conductor del veh\u00edculo \u2014identificado como Carlos U., de 63 a\u00f1os y oriundo de Sunchales\u2014 declar\u00f3 que un desperfecto mec\u00e1nico origin\u00f3 el fuego que consumi\u00f3 al veh\u00edculo y termin\u00f3 con la vida de la joven de 33 a\u00f1os identificada como Gabriela Ben\u00edtez, oriunda de la zona.<\/p>\n\n\n\n<p>Bomberos Voluntarios de Alejandra sofocaron el fuego y hallaron el cad\u00e1ver. Minutos antes, personal de la comisar\u00eda 3\u00aa de esa localidad lleg\u00f3 al lugar y se encontraron con el \u00fanico testigo del hecho con una aparente crisis de nervios. Por el hecho se dio conocimiento al fiscal en turno, Aldo Gerosa, titular de la Unidad Fiscal Reconquista, quien inmediatamente convoc\u00f3 a los peritos forenses y m\u00e9dicos de la Unidad XIV para determinar la causa del incendio. Bajo el mando del fiscal, los encargados de la investigaci\u00f3n pidieron un peritaje sobre el veh\u00edculo y el secuestro de varios elementos que podr\u00edan constituir pruebas del supuesto femicidio, entre ellos un cuchillo que hab\u00eda en el auto.<\/p>\n\n\n\n<p>Ordenaron adem\u00e1s que el cuerpo de la mujer fuera trasladado a esa ciudad para que se le practique la autopsia de rigor, en tanto que se dispuso la detenci\u00f3n de su pareja de manera preventiva, como sospechoso de ser autor del delito de homicidio agravado por mediar violencia de g\u00e9nero y por el v\u00ednculo. La audiencia imputativa ser\u00e1 en d\u00eda y hora a confirmar en los tribunales de Reconquista.<\/p>\n\n\n\n<p>Seg\u00fan trascendi\u00f3, ante las primeras preguntas sobre c\u00f3mo ocurrieron los hechos, Carlos U. dijo que hab\u00edan parado al costado del camino para descansar, que se quedaron dormidos y \u00e9l se despert\u00f3 al sentir olor a quemado y alcanz\u00f3 a salir con lesiones menores, mientras que Gabriela, madre de cuatro hijos, falleci\u00f3.<\/p>\n","protected":false},"excerpt":{"rendered":"<p>Una mujer muri\u00f3 calcinada en un auto y sospechan de su pareja<\/p>\n","protected":false},"author":1,"featured_media":24437,"comment_status":"open","ping_status":"open","sticky":false,"template":"","format":"image","meta":{"_jetpack_memberships_contains_paid_content":false,"footnotes":"","jetpack_publicize_message":"","jetpack_publicize_feature_enabled":true,"jetpack_social_post_already_shared":true,"jetpack_social_options":{"image_generator_settings":{"template":"highway","default_image_id":0,"enabled":false},"version":2}},"categories":[8,1,2852,3],"tags":[],"class_list":["post-24436","post","type-post","status-publish","format-image","has-post-thumbnail","hentry","category-deliberando","category-diario-armstrong","category-policiales","category-region","post_format-post-format-image"],"jetpack_publicize_connections":[],"jetpack_featured_media_url":"https:\/\/armstrongyregion.com.ar\/diario\/wp-content\/uploads\/2020\/01\/mujer-murio-calcinada.jpg","jetpack_shortlink":"https:\/\/wp.me\/p62QDO-6m8","jetpack_sharing_enabled":true,"amp_enabled":true,"_links":{"self":[{"href":"https:\/\/armstrongyregion.com.ar\/diario\/wp-json\/wp\/v2\/posts\/24436","targetHints":{"allow":["GET"]}}],"collection":[{"href":"https:\/\/armstrongyregion.com.ar\/diario\/wp-json\/wp\/v2\/posts"}],"about":[{"href":"https:\/\/armstrongyregion.com.ar\/diario\/wp-json\/wp\/v2\/types\/post"}],"author":[{"embeddable":true,"href":"https:\/\/armstrongyregion.com.ar\/diario\/wp-json\/wp\/v2\/users\/1"}],"replies":[{"embeddable":true,"href":"https:\/\/armstrongyregion.com.ar\/diario\/wp-json\/wp\/v2\/comments?post=24436"}],"version-history":[{"count":1,"href":"https:\/\/armstrongyregion.com.ar\/diario\/wp-json\/wp\/v2\/posts\/24436\/revisions"}],"predecessor-version":[{"id":24438,"href":"https:\/\/armstrongyregion.com.ar\/diario\/wp-json\/wp\/v2\/posts\/24436\/revisions\/24438"}],"wp:featuredmedia":[{"embeddable":true,"href":"https:\/\/armstrongyregion.com.ar\/diario\/wp-json\/wp\/v2\/media\/24437"}],"wp:attachment":[{"href":"https:\/\/armstrongyregion.com.ar\/diario\/wp-json\/wp\/v2\/media?parent=24436"}],"wp:term":[{"taxonomy":"category","embeddable":true,"href":"https:\/\/armstrongyregion.com.ar\/diario\/wp-json\/wp\/v2\/categories?post=24436"},{"taxonomy":"post_tag","embeddable":true,"href":"https:\/\/armstrongyregion.com.ar\/diario\/wp-json\/wp\/v2\/tags?post=24436"}],"curies":[{"name":"wp","href":"https:\/\/api.w.org\/{rel}","templated":true}]}}