{"id":24433,"date":"2020-01-20T12:15:44","date_gmt":"2020-01-20T12:15:44","guid":{"rendered":"https:\/\/armstrongyregion.com.ar\/diario\/?p=24433"},"modified":"2020-01-20T12:15:50","modified_gmt":"2020-01-20T12:15:50","slug":"licencias-docentes-mas-de-cien-trabajadores-en-vilo","status":"publish","type":"post","link":"https:\/\/armstrongyregion.com.ar\/diario\/licencias-docentes-mas-de-cien-trabajadores-en-vilo\/","title":{"rendered":"Licencias docentes: m\u00e1s de cien trabajadores en vilo"},"content":{"rendered":"\n<figure class=\"wp-block-image\"><img loading=\"lazy\" decoding=\"async\" width=\"768\" height=\"432\" src=\"http:\/\/armstrongyregion.com.ar\/diario\/wp-content\/uploads\/2020\/01\/licencias-docentes-.jpg\" alt=\"\" class=\"wp-image-24434\" srcset=\"https:\/\/armstrongyregion.com.ar\/diario\/wp-content\/uploads\/2020\/01\/licencias-docentes-.jpg 768w, https:\/\/armstrongyregion.com.ar\/diario\/wp-content\/uploads\/2020\/01\/licencias-docentes--300x169.jpg 300w\" sizes=\"auto, (max-width: 768px) 100vw, 768px\" \/><\/figure>\n\n\n\n<h2 class=\"wp-block-heading\"> La decisi\u00f3n del Ministerio de Educaci\u00f3n de la provincia de suspender el convenio con la facultad de Ciencias M\u00e9dicas de la UNR para el control de licencias tiene en vilo a los 104 trabajadores. <\/h2>\n\n\n\n<p>La decisi\u00f3n del Ministerio de Educaci\u00f3n de la provincia de suspender el convenio con la facultad de Ciencias M\u00e9dicas de la UNR para el control de licencias tiene en vilo a los 104 trabajadores (m\u00e9dicos, psic\u00f3logos, administrativos, operadores del call center, inform\u00e1ticos y personal de limpieza), encargados de la salud laboral de unos 85 mil docentes y no docentes en toda la provincia. Seg\u00fan advierten, el nuevo sistema dispuesto por las autoridades educativas, \u00abes improvisado\u00bb y \u00abdeja sin atenci\u00f3n a quienes est\u00e1n transitando una enfermedad\u00bb.<\/p>\n\n\n\n<p>Mart\u00edn Fossatti es m\u00e9dico y hasta hace unas semanas trabajaba en el Hospital Centenario, donde funciona el Area de Salud y Trabajo (ASyT) de la Facultad de Ciencias M\u00e9dicas. Sin embargo, el cese del convenio con el Ministerio de Educaci\u00f3n \u00abdej\u00f3 imprevistamente sin sustento a 104 trabajadores\u00bb, advierte.<\/p>\n\n\n\n<p>Desde Educaci\u00f3n consideraron que el acuerdo resultaba \u00abmuy oneroso\u00bb. Sin embargo, los trabajadores se\u00f1alan que los 40 millones de pesos que abonaba la provincia para el control de licencias m\u00e9dicas se \u00abpagaban solos\u00bb con la reducci\u00f3n del ausentismo docente y el ahorro en reemplazos (un monto que durante la gesti\u00f3n anterior se estim\u00f3 en unos cien millones).<\/p>\n\n\n\n<p>Para los trabajadores del servicio, Educaci\u00f3n reemplaz\u00f3 el sistema de salud y trabajo por \u00abpruebas improvisadas, de como manejar la salud laboral de sus trabajadores en el mientras tanto, ya que dejan a los docentes y no docentes sin control m\u00e9dico laboral, sin seguimiento profesional, con todo lo que implica la responsabilidad m\u00e9dica sobre los agentes que actualmente est\u00e1n en seguimiento, y tambi\u00e9n complica la situaci\u00f3n administrativa de aquellos agentes que por enfermedades graves ya agotan o agotaron su licencia y deb\u00edan ser evaluados por juntas medicas de reubicaci\u00f3n laboral o de quienes esperan un alta m\u00e9dica para retomar sus funciones\u00bb.<\/p>\n\n\n\n<p>La ASyT comenz\u00f3 atendiendo a todo el personal docente y no docente de UNR. Desde 2008, incorporaron al personal dependiente del Ministerio de Educaci\u00f3n provincial, realizando auditor\u00edas en consultorio y domicilio, para enfermedades de corta y larga duraci\u00f3n, y adem\u00e1s constituyendo juntas m\u00e9dicas de reubicaci\u00f3n, como as\u00ed tambi\u00e9n la detecci\u00f3n de enfermedades profesionales.<\/p>\n\n\n\n<p>Fuente; La Capital.<\/p>\n","protected":false},"excerpt":{"rendered":"<p>Licencias docentes: m\u00e1s de cien trabajadores en vilo<\/p>\n","protected":false},"author":1,"featured_media":24434,"comment_status":"open","ping_status":"open","sticky":false,"template":"","format":"image","meta":{"_jetpack_memberships_contains_paid_content":false,"footnotes":"","jetpack_publicize_message":"","jetpack_publicize_feature_enabled":true,"jetpack_social_post_already_shared":true,"jetpack_social_options":{"image_generator_settings":{"template":"highway","default_image_id":0,"enabled":false},"version":2}},"categories":[8,1,7,3],"tags":[],"class_list":["post-24433","post","type-post","status-publish","format-image","has-post-thumbnail","hentry","category-deliberando","category-diario-armstrong","category-politica","category-region","post_format-post-format-image"],"jetpack_publicize_connections":[],"jetpack_featured_media_url":"https:\/\/armstrongyregion.com.ar\/diario\/wp-content\/uploads\/2020\/01\/licencias-docentes-.jpg","jetpack_shortlink":"https:\/\/wp.me\/p62QDO-6m5","jetpack_sharing_enabled":true,"amp_enabled":true,"_links":{"self":[{"href":"https:\/\/armstrongyregion.com.ar\/diario\/wp-json\/wp\/v2\/posts\/24433","targetHints":{"allow":["GET"]}}],"collection":[{"href":"https:\/\/armstrongyregion.com.ar\/diario\/wp-json\/wp\/v2\/posts"}],"about":[{"href":"https:\/\/armstrongyregion.com.ar\/diario\/wp-json\/wp\/v2\/types\/post"}],"author":[{"embeddable":true,"href":"https:\/\/armstrongyregion.com.ar\/diario\/wp-json\/wp\/v2\/users\/1"}],"replies":[{"embeddable":true,"href":"https:\/\/armstrongyregion.com.ar\/diario\/wp-json\/wp\/v2\/comments?post=24433"}],"version-history":[{"count":1,"href":"https:\/\/armstrongyregion.com.ar\/diario\/wp-json\/wp\/v2\/posts\/24433\/revisions"}],"predecessor-version":[{"id":24435,"href":"https:\/\/armstrongyregion.com.ar\/diario\/wp-json\/wp\/v2\/posts\/24433\/revisions\/24435"}],"wp:featuredmedia":[{"embeddable":true,"href":"https:\/\/armstrongyregion.com.ar\/diario\/wp-json\/wp\/v2\/media\/24434"}],"wp:attachment":[{"href":"https:\/\/armstrongyregion.com.ar\/diario\/wp-json\/wp\/v2\/media?parent=24433"}],"wp:term":[{"taxonomy":"category","embeddable":true,"href":"https:\/\/armstrongyregion.com.ar\/diario\/wp-json\/wp\/v2\/categories?post=24433"},{"taxonomy":"post_tag","embeddable":true,"href":"https:\/\/armstrongyregion.com.ar\/diario\/wp-json\/wp\/v2\/tags?post=24433"}],"curies":[{"name":"wp","href":"https:\/\/api.w.org\/{rel}","templated":true}]}}