{"id":24394,"date":"2020-01-14T19:34:19","date_gmt":"2020-01-14T19:34:19","guid":{"rendered":"https:\/\/armstrongyregion.com.ar\/diario\/?p=24394"},"modified":"2020-01-14T19:34:26","modified_gmt":"2020-01-14T19:34:26","slug":"clerici-presente-en-el-acto-de-adhesion-de-santa-fe-a-la-tarjeta-alimentaria","status":"publish","type":"post","link":"https:\/\/armstrongyregion.com.ar\/diario\/clerici-presente-en-el-acto-de-adhesion-de-santa-fe-a-la-tarjeta-alimentaria\/","title":{"rendered":"Clerici presente en el acto de adhesi\u00f3n de Santa Fe a la tarjeta alimentaria."},"content":{"rendered":"\n<figure class=\"wp-block-image\"><img loading=\"lazy\" decoding=\"async\" width=\"768\" height=\"591\" src=\"http:\/\/armstrongyregion.com.ar\/diario\/wp-content\/uploads\/2020\/01\/WhatsApp-Image-2020-01-14-at-12.27.21.jpeg\" alt=\"\" class=\"wp-image-24395\" srcset=\"https:\/\/armstrongyregion.com.ar\/diario\/wp-content\/uploads\/2020\/01\/WhatsApp-Image-2020-01-14-at-12.27.21.jpeg 768w, https:\/\/armstrongyregion.com.ar\/diario\/wp-content\/uploads\/2020\/01\/WhatsApp-Image-2020-01-14-at-12.27.21-300x231.jpeg 300w\" sizes=\"auto, (max-width: 768px) 100vw, 768px\" \/><\/figure>\n\n\n\n<h2 class=\"wp-block-heading\"><\/h2>\n\n\n\n<p>La provincia adhiri\u00f3 esta ma\u00f1ana a la iniciativa del gobierno nacional con el convenio suscrito entre el gobernador Omar Perotti y el ministro de Desarrollo Social de Naci\u00f3n Daniel Arroyo. En nuestra ciudad el beneficio llegar\u00e1 a 2.000 ca\u00f1adenses.<\/p>\n\n\n\n<p>La intendenta Stella Cl\u00e9rici junto a parte del equipo de la direcci\u00f3n de Promoci\u00f3n Comunitaria particip\u00f3 del acto donde en el cual se firm\u00f3 el convenio para implementar la Tarjeta Alimentaria en Santa Fe, que se entregar\u00eda en los primeros d\u00edas de febrero, a partid de lo pactado entre gobierno nacional y provincial.<\/p>\n\n\n\n<p>En este sentido, Cl\u00e9rici expres\u00f3 que \u201cdesde el municipio vamos a colaborar en la implementaci\u00f3n de la Tarjeta Alimentaria, que en nuestra ciudad llegar\u00eda a 2.000 beneficiarios en la ciudad, con el importante impacto en el comercio local\u201d.&nbsp; Adem\u00e1s, destac\u00f3 que \u201cdesde Promoci\u00f3n Comunitaria trabajamos en capacitaci\u00f3n en nutrici\u00f3n y alimentaci\u00f3n saludable, por lo que reforzaremos un seguimiento a cada uno de los beneficiarios, acompa\u00f1ando con los suplementos en carne y verdura necesario\u201d.<\/p>\n\n\n\n<p>La Tarjeta Alimentaria lanzada por el gobierno nacional est\u00e1 destinada a madres y padres con hijos e hijas de hasta 6 a\u00f1os de edad que reciben la AUH. Tambi\u00e9n a embarazadas a partir de los tres meses que cobran la Asignaci\u00f3n por Embarazo y personas con discapacidad que reciben la AUH.<\/p>\n\n\n\n<p>&nbsp;\u201cLos beneficiarios no tienen que anotarse en ning\u00fan lugar. Los padrones se confeccionan en la Anses. Ser\u00e1n beneficiadas aquellas familias que tengan la Asignaci\u00f3n Universal por Hijo (AUH) y que tengan hijos menores de 6 a\u00f1os. Tambi\u00e9n ingresar\u00e1n en este listado las madres que est\u00e9n cursando el tercer mes de embarazo y aquellas familias que tenga chicos con capacidades diferentes\u201d, explicaron durante el acto.<br><\/p>\n\n\n\n<p><\/p>\n","protected":false},"excerpt":{"rendered":"<p>Clerici presente en el acto de adhesi\u00f3n de Santa Fe a la tarjeta alimentaria.<\/p>\n","protected":false},"author":1,"featured_media":24395,"comment_status":"open","ping_status":"open","sticky":false,"template":"","format":"image","meta":{"_jetpack_memberships_contains_paid_content":false,"footnotes":"","jetpack_publicize_message":"","jetpack_publicize_feature_enabled":true,"jetpack_social_post_already_shared":true,"jetpack_social_options":{"image_generator_settings":{"template":"highway","default_image_id":0,"enabled":false},"version":2}},"categories":[8,1,2,7,3],"tags":[],"class_list":["post-24394","post","type-post","status-publish","format-image","has-post-thumbnail","hentry","category-deliberando","category-diario-armstrong","category-locales","category-politica","category-region","post_format-post-format-image"],"jetpack_publicize_connections":[],"jetpack_featured_media_url":"https:\/\/armstrongyregion.com.ar\/diario\/wp-content\/uploads\/2020\/01\/WhatsApp-Image-2020-01-14-at-12.27.21.jpeg","jetpack_shortlink":"https:\/\/wp.me\/p62QDO-6ls","jetpack_sharing_enabled":true,"amp_enabled":true,"_links":{"self":[{"href":"https:\/\/armstrongyregion.com.ar\/diario\/wp-json\/wp\/v2\/posts\/24394","targetHints":{"allow":["GET"]}}],"collection":[{"href":"https:\/\/armstrongyregion.com.ar\/diario\/wp-json\/wp\/v2\/posts"}],"about":[{"href":"https:\/\/armstrongyregion.com.ar\/diario\/wp-json\/wp\/v2\/types\/post"}],"author":[{"embeddable":true,"href":"https:\/\/armstrongyregion.com.ar\/diario\/wp-json\/wp\/v2\/users\/1"}],"replies":[{"embeddable":true,"href":"https:\/\/armstrongyregion.com.ar\/diario\/wp-json\/wp\/v2\/comments?post=24394"}],"version-history":[{"count":1,"href":"https:\/\/armstrongyregion.com.ar\/diario\/wp-json\/wp\/v2\/posts\/24394\/revisions"}],"predecessor-version":[{"id":24396,"href":"https:\/\/armstrongyregion.com.ar\/diario\/wp-json\/wp\/v2\/posts\/24394\/revisions\/24396"}],"wp:featuredmedia":[{"embeddable":true,"href":"https:\/\/armstrongyregion.com.ar\/diario\/wp-json\/wp\/v2\/media\/24395"}],"wp:attachment":[{"href":"https:\/\/armstrongyregion.com.ar\/diario\/wp-json\/wp\/v2\/media?parent=24394"}],"wp:term":[{"taxonomy":"category","embeddable":true,"href":"https:\/\/armstrongyregion.com.ar\/diario\/wp-json\/wp\/v2\/categories?post=24394"},{"taxonomy":"post_tag","embeddable":true,"href":"https:\/\/armstrongyregion.com.ar\/diario\/wp-json\/wp\/v2\/tags?post=24394"}],"curies":[{"name":"wp","href":"https:\/\/api.w.org\/{rel}","templated":true}]}}