{"id":24385,"date":"2020-01-13T14:19:30","date_gmt":"2020-01-13T14:19:30","guid":{"rendered":"https:\/\/armstrongyregion.com.ar\/diario\/?p=24385"},"modified":"2020-01-13T14:19:35","modified_gmt":"2020-01-13T14:19:35","slug":"bonfatti-los-principios-del-socialismo-de-progreso-e-igualdad-son-inmodificables","status":"publish","type":"post","link":"https:\/\/armstrongyregion.com.ar\/diario\/bonfatti-los-principios-del-socialismo-de-progreso-e-igualdad-son-inmodificables\/","title":{"rendered":"Bonfatti: \u201cLos principios del socialismo de progreso e igualdad son inmodificables\u201d"},"content":{"rendered":"\n<figure class=\"wp-block-image\"><img loading=\"lazy\" decoding=\"async\" width=\"768\" height=\"512\" src=\"http:\/\/armstrongyregion.com.ar\/diario\/wp-content\/uploads\/2020\/01\/Bonfatti-PS-2.jpeg\" alt=\"\" class=\"wp-image-24386\" srcset=\"https:\/\/armstrongyregion.com.ar\/diario\/wp-content\/uploads\/2020\/01\/Bonfatti-PS-2.jpeg 768w, https:\/\/armstrongyregion.com.ar\/diario\/wp-content\/uploads\/2020\/01\/Bonfatti-PS-2-300x200.jpeg 300w\" sizes=\"auto, (max-width: 768px) 100vw, 768px\" \/><\/figure>\n\n\n\n<h2 class=\"wp-block-heading\"><\/h2>\n\n\n\n<p><strong><em>El presidente del PS particip\u00f3 del Encuentro Nacional de Juventudes Socialistas en P\u00e9rez: \u201cNunca debemos apartarnos de los ideales y principios fundantes de nuestro partido\u201d.<\/em><\/strong><\/p>\n\n\n\n<p>En P\u00e9rez, en el 31\u00b0 Campamento Nacional de las Juventudes Socialistas, del que participaron m\u00e1s de mil j\u00f3venes de todo el pa\u00eds, el presidente del Partido Socialista (PS), asegur\u00f3 que \u201clos principios del socialismo de progreso e igualdad son inmodificables\u201d.<\/p>\n\n\n\n<p>\u201cCada a\u00f1o el mundo se complejiza m\u00e1s\u201d, evalu\u00f3 Bonfatti, pero dijo que pese a esos cambios \u201cnunca debemos apartarnos de los ideales y principios fundantes de nuestro partido, que siguen teniendo vigencia. Tenemos que hacer de la decisi\u00f3n del partido una acci\u00f3n colectiva, y readecuarlo a las nuevas realidades\u201d.<\/p>\n\n\n\n<p>El exgobernador dijo que \u201ces una responsabilidad enorme participar de este espacio de intercambio de experiencias, desde donde se propicia siempre cambiar la conciencia colectiva para gestar un mundo mejor\u201d.<\/p>\n\n\n\n<p>En su discurso, el presidente nacional de PS insisti\u00f3 en la necesidad del partido de aggiornarse: \u201cEl mundo cambia y el socialismo debe cambiar con \u00e9l\u201d.<\/p>\n\n\n\n<p>\u201cHay que renovarse para generar un nuevo socialismo\u201d, propuso el exmandatario provincial, y prosigui\u00f3: \u201cDebemos reafirmar, en tal sentido, nuestra propuesta pol\u00edtica de progreso e igualdad\u201d.<\/p>\n\n\n\n<p>Bonfatti hizo menci\u00f3n adem\u00e1s al nuevo gobierno nacional, que \u201cno es como el que pas\u00f3\u201d, pero el socialismo debe \u201cmantener la independencia, siempre dispuesto a aportar para el crecimiento de la Naci\u00f3n; tenemos experiencia de gesti\u00f3n, y nuestra propia forma de pensar\u201d.<\/p>\n\n\n\n<p>\u201cTenemos por delante una responsabilidad enorme de seguir construyendo alternativas en todo el pa\u00eds, encontrarnos con quienes vayan por un mismo camino que el nuestro, siempre respetando las diversidad\u201d, se\u00f1al\u00f3 Bonfatti.<\/p>\n\n\n\n<p>Finalmente, hizo menci\u00f3n a la actual administraci\u00f3n provincial, y dijo: \u201cApenas pas\u00f3 un mes y ya no saben que excusa poner, hay que esperar, ser prudentes, respetuosos, dar tiempo. Hay que ser una oposici\u00f3n responsable y seria, pero no regalar nada, no regalamos lo que hemos construido durante 30 a\u00f1os en Rosario y 12 en la provincia; no tenemos que bajar los brazos\u201d.<\/p>\n\n\n\n<p><\/p>\n","protected":false},"excerpt":{"rendered":"<p>Bonfatti: \u201cLos principios del socialismo de progreso e igualdad son inmodificables\u201d<\/p>\n","protected":false},"author":1,"featured_media":24386,"comment_status":"open","ping_status":"open","sticky":false,"template":"","format":"image","meta":{"_jetpack_memberships_contains_paid_content":false,"footnotes":"","jetpack_publicize_message":"","jetpack_publicize_feature_enabled":true,"jetpack_social_post_already_shared":true,"jetpack_social_options":{"image_generator_settings":{"template":"highway","default_image_id":0,"enabled":false},"version":2}},"categories":[8,1,2,7,3],"tags":[],"class_list":["post-24385","post","type-post","status-publish","format-image","has-post-thumbnail","hentry","category-deliberando","category-diario-armstrong","category-locales","category-politica","category-region","post_format-post-format-image"],"jetpack_publicize_connections":[],"jetpack_featured_media_url":"https:\/\/armstrongyregion.com.ar\/diario\/wp-content\/uploads\/2020\/01\/Bonfatti-PS-2.jpeg","jetpack_shortlink":"https:\/\/wp.me\/p62QDO-6lj","jetpack_sharing_enabled":true,"amp_enabled":true,"_links":{"self":[{"href":"https:\/\/armstrongyregion.com.ar\/diario\/wp-json\/wp\/v2\/posts\/24385","targetHints":{"allow":["GET"]}}],"collection":[{"href":"https:\/\/armstrongyregion.com.ar\/diario\/wp-json\/wp\/v2\/posts"}],"about":[{"href":"https:\/\/armstrongyregion.com.ar\/diario\/wp-json\/wp\/v2\/types\/post"}],"author":[{"embeddable":true,"href":"https:\/\/armstrongyregion.com.ar\/diario\/wp-json\/wp\/v2\/users\/1"}],"replies":[{"embeddable":true,"href":"https:\/\/armstrongyregion.com.ar\/diario\/wp-json\/wp\/v2\/comments?post=24385"}],"version-history":[{"count":1,"href":"https:\/\/armstrongyregion.com.ar\/diario\/wp-json\/wp\/v2\/posts\/24385\/revisions"}],"predecessor-version":[{"id":24387,"href":"https:\/\/armstrongyregion.com.ar\/diario\/wp-json\/wp\/v2\/posts\/24385\/revisions\/24387"}],"wp:featuredmedia":[{"embeddable":true,"href":"https:\/\/armstrongyregion.com.ar\/diario\/wp-json\/wp\/v2\/media\/24386"}],"wp:attachment":[{"href":"https:\/\/armstrongyregion.com.ar\/diario\/wp-json\/wp\/v2\/media?parent=24385"}],"wp:term":[{"taxonomy":"category","embeddable":true,"href":"https:\/\/armstrongyregion.com.ar\/diario\/wp-json\/wp\/v2\/categories?post=24385"},{"taxonomy":"post_tag","embeddable":true,"href":"https:\/\/armstrongyregion.com.ar\/diario\/wp-json\/wp\/v2\/tags?post=24385"}],"curies":[{"name":"wp","href":"https:\/\/api.w.org\/{rel}","templated":true}]}}