{"id":24353,"date":"2020-01-08T13:24:15","date_gmt":"2020-01-08T13:24:15","guid":{"rendered":"https:\/\/armstrongyregion.com.ar\/diario\/?p=24353"},"modified":"2020-01-08T14:04:02","modified_gmt":"2020-01-08T14:04:02","slug":"se-inauguraron-las-luces-en-ruta-15-y-calle-shaer","status":"publish","type":"post","link":"https:\/\/armstrongyregion.com.ar\/diario\/se-inauguraron-las-luces-en-ruta-15-y-calle-shaer\/","title":{"rendered":"Se inauguraron las luces en Ruta 15 y calle Schaer."},"content":{"rendered":"\n<figure class=\"wp-block-image\"><img loading=\"lazy\" decoding=\"async\" width=\"768\" height=\"576\" src=\"http:\/\/armstrongyregion.com.ar\/diario\/wp-content\/uploads\/2020\/01\/luces-2-.jpg\" alt=\"\" class=\"wp-image-24354\" srcset=\"https:\/\/armstrongyregion.com.ar\/diario\/wp-content\/uploads\/2020\/01\/luces-2-.jpg 768w, https:\/\/armstrongyregion.com.ar\/diario\/wp-content\/uploads\/2020\/01\/luces-2--300x225.jpg 300w\" sizes=\"auto, (max-width: 768px) 100vw, 768px\" \/><\/figure>\n\n\n\n<h2 class=\"wp-block-heading\"><\/h2>\n\n\n\n<p>En la noche del martes 7 de enero, se inauguraron las luces en intersecci\u00f3n de Ruta 15 y calle Schaer, el intendente Dr. Pablo Verdecchia hizo contar a los presentes de manera regresiva de 10 a cero donde se produjo el encendido simb\u00f3lico acompa\u00f1ado de un unido aplauso entre los funcionarios y vecinos que se acercaron al lugar.<\/p>\n\n\n\n<figure class=\"wp-block-image\"><img loading=\"lazy\" decoding=\"async\" width=\"960\" height=\"720\" src=\"http:\/\/armstrongyregion.com.ar\/diario\/wp-content\/uploads\/2020\/01\/luces..jpg\" alt=\"\" class=\"wp-image-24355\" srcset=\"https:\/\/armstrongyregion.com.ar\/diario\/wp-content\/uploads\/2020\/01\/luces..jpg 960w, https:\/\/armstrongyregion.com.ar\/diario\/wp-content\/uploads\/2020\/01\/luces.-300x225.jpg 300w, https:\/\/armstrongyregion.com.ar\/diario\/wp-content\/uploads\/2020\/01\/luces.-768x576.jpg 768w\" sizes=\"auto, (max-width: 960px) 100vw, 960px\" \/><\/figure>\n\n\n\n<p>El intendente expreso que esta es \u00a0la culminaci\u00f3n de la tercera etapa del proyecto conjunto entre la Municipalidad de Armstrong, el Gobierno provincial y la Cooperativa de Obras y Servicios P\u00fablicos de la ciudad, que prev\u00e9 la colocaci\u00f3n de la nueva luminaria led. Pr\u00f3ximamente ya se arrancara con la cuarta etapa que es el bacheo y luminarias desde el acceso por\u00a0 calle Schaer hasta Democracia.<\/p>\n\n\n\n<figure class=\"wp-block-image\"><img loading=\"lazy\" decoding=\"async\" width=\"768\" height=\"576\" src=\"http:\/\/armstrongyregion.com.ar\/diario\/wp-content\/uploads\/2020\/01\/luces-3-.jpg\" alt=\"\" class=\"wp-image-24356\" srcset=\"https:\/\/armstrongyregion.com.ar\/diario\/wp-content\/uploads\/2020\/01\/luces-3-.jpg 768w, https:\/\/armstrongyregion.com.ar\/diario\/wp-content\/uploads\/2020\/01\/luces-3--300x225.jpg 300w\" sizes=\"auto, (max-width: 768px) 100vw, 768px\" \/><\/figure>\n\n\n\n<p>\u201cLos vecinos de nuestra ciudad hac\u00eda mucho tiempo ven\u00edan solicitando\nlas luminarias de este lugar, por suerte ya concretamos &nbsp;esta tercera etapa de luminarias y juntamos\ncon un cartel que es identificatorio de la ciudad que la verdad quedo muy\nlindo. Y estas letras son el trabajo de una herrer\u00eda local, las pinto otra empresa\nde Armstrong, las armo personal de maestranza, todo tiene que ver con embellecimiento,\ncon una mejora de vida, con la seguridad vial y con trabajo para nuestros\narmstronenses\u201d. &nbsp;Finalizo el intendente.<\/p>\n\n\n\n<figure class=\"wp-block-image\"><img loading=\"lazy\" decoding=\"async\" width=\"768\" height=\"576\" src=\"http:\/\/armstrongyregion.com.ar\/diario\/wp-content\/uploads\/2020\/01\/luces-4-.jpg\" alt=\"\" class=\"wp-image-24357\" srcset=\"https:\/\/armstrongyregion.com.ar\/diario\/wp-content\/uploads\/2020\/01\/luces-4-.jpg 768w, https:\/\/armstrongyregion.com.ar\/diario\/wp-content\/uploads\/2020\/01\/luces-4--300x225.jpg 300w\" sizes=\"auto, (max-width: 768px) 100vw, 768px\" \/><\/figure>\n\n\n\n<p><\/p>\n","protected":false},"excerpt":{"rendered":"<p>Se inauguraron las luces en Ruta 15 y calle Shaer.<\/p>\n","protected":false},"author":1,"featured_media":24357,"comment_status":"open","ping_status":"open","sticky":false,"template":"","format":"image","meta":{"_jetpack_memberships_contains_paid_content":false,"footnotes":"","jetpack_publicize_message":"","jetpack_publicize_feature_enabled":true,"jetpack_social_post_already_shared":true,"jetpack_social_options":{"image_generator_settings":{"template":"highway","default_image_id":0,"enabled":false},"version":2}},"categories":[8,1,2,7],"tags":[],"class_list":["post-24353","post","type-post","status-publish","format-image","has-post-thumbnail","hentry","category-deliberando","category-diario-armstrong","category-locales","category-politica","post_format-post-format-image"],"jetpack_publicize_connections":[],"jetpack_featured_media_url":"https:\/\/armstrongyregion.com.ar\/diario\/wp-content\/uploads\/2020\/01\/luces-4-.jpg","jetpack_shortlink":"https:\/\/wp.me\/p62QDO-6kN","jetpack_sharing_enabled":true,"amp_enabled":true,"_links":{"self":[{"href":"https:\/\/armstrongyregion.com.ar\/diario\/wp-json\/wp\/v2\/posts\/24353","targetHints":{"allow":["GET"]}}],"collection":[{"href":"https:\/\/armstrongyregion.com.ar\/diario\/wp-json\/wp\/v2\/posts"}],"about":[{"href":"https:\/\/armstrongyregion.com.ar\/diario\/wp-json\/wp\/v2\/types\/post"}],"author":[{"embeddable":true,"href":"https:\/\/armstrongyregion.com.ar\/diario\/wp-json\/wp\/v2\/users\/1"}],"replies":[{"embeddable":true,"href":"https:\/\/armstrongyregion.com.ar\/diario\/wp-json\/wp\/v2\/comments?post=24353"}],"version-history":[{"count":2,"href":"https:\/\/armstrongyregion.com.ar\/diario\/wp-json\/wp\/v2\/posts\/24353\/revisions"}],"predecessor-version":[{"id":24366,"href":"https:\/\/armstrongyregion.com.ar\/diario\/wp-json\/wp\/v2\/posts\/24353\/revisions\/24366"}],"wp:featuredmedia":[{"embeddable":true,"href":"https:\/\/armstrongyregion.com.ar\/diario\/wp-json\/wp\/v2\/media\/24357"}],"wp:attachment":[{"href":"https:\/\/armstrongyregion.com.ar\/diario\/wp-json\/wp\/v2\/media?parent=24353"}],"wp:term":[{"taxonomy":"category","embeddable":true,"href":"https:\/\/armstrongyregion.com.ar\/diario\/wp-json\/wp\/v2\/categories?post=24353"},{"taxonomy":"post_tag","embeddable":true,"href":"https:\/\/armstrongyregion.com.ar\/diario\/wp-json\/wp\/v2\/tags?post=24353"}],"curies":[{"name":"wp","href":"https:\/\/api.w.org\/{rel}","templated":true}]}}