{"id":24346,"date":"2020-01-08T13:02:36","date_gmt":"2020-01-08T13:02:36","guid":{"rendered":"https:\/\/armstrongyregion.com.ar\/diario\/?p=24346"},"modified":"2020-01-08T13:02:44","modified_gmt":"2020-01-08T13:02:44","slug":"perotti-se-reunio-con-ministros-y-funcionarios-nacionales-en-buenos-aires","status":"publish","type":"post","link":"https:\/\/armstrongyregion.com.ar\/diario\/perotti-se-reunio-con-ministros-y-funcionarios-nacionales-en-buenos-aires\/","title":{"rendered":"Perotti se reuni\u00f3 con ministros y funcionarios nacionales en Buenos Aires."},"content":{"rendered":"\n<figure class=\"wp-block-image\"><img loading=\"lazy\" decoding=\"async\" width=\"768\" height=\"450\" src=\"http:\/\/armstrongyregion.com.ar\/diario\/wp-content\/uploads\/2020\/01\/OP_BIELSA_VIVIENDA3.jpg\" alt=\"\" class=\"wp-image-24347\" srcset=\"https:\/\/armstrongyregion.com.ar\/diario\/wp-content\/uploads\/2020\/01\/OP_BIELSA_VIVIENDA3.jpg 768w, https:\/\/armstrongyregion.com.ar\/diario\/wp-content\/uploads\/2020\/01\/OP_BIELSA_VIVIENDA3-300x176.jpg 300w\" sizes=\"auto, (max-width: 768px) 100vw, 768px\" \/><\/figure>\n\n\n\n<h2 class=\"wp-block-heading\"><\/h2>\n\n\n\n<p><em>Mantuvo encuentros con Bielsa, Cafiero, Katopodis y De Pedro, entre otros. &nbsp;<\/em><\/p>\n\n\n\n<p>El gobernador Omar Perotti mantuvo este martes una serie de reuniones en Buenos Aires con funcionarios nacionales para coordinar y articular esquemas de trabajo con las distintas \u00e1reas del gobierno central y la provincia de Santa Fe. El mandatario particip\u00f3 de encuentros con el jefe de Gabinete Nacional, Santiago Cafiero, con la ministra de Desarrollo Territorial y H\u00e1bitat de la Naci\u00f3n, Mar\u00eda Eugenia Bielsa, con el ministro de Obras P\u00fablicas, Gabriel Katopodis, el ministro del Interior, Eduardo \u201cWado\u201d de Pedro y con el subsecretario de Relaciones Financieras para el desarrollo, Christian Asinelli.<\/p>\n\n\n\n<figure class=\"wp-block-image\"><img loading=\"lazy\" decoding=\"async\" width=\"768\" height=\"530\" src=\"http:\/\/armstrongyregion.com.ar\/diario\/wp-content\/uploads\/2020\/01\/OP_Wado6.jpg\" alt=\"\" class=\"wp-image-24348\" srcset=\"https:\/\/armstrongyregion.com.ar\/diario\/wp-content\/uploads\/2020\/01\/OP_Wado6.jpg 768w, https:\/\/armstrongyregion.com.ar\/diario\/wp-content\/uploads\/2020\/01\/OP_Wado6-300x207.jpg 300w\" sizes=\"auto, (max-width: 768px) 100vw, 768px\" \/><\/figure>\n\n\n\n<p>Al respecto, Perotti, que estuvo acompa\u00f1ado por el senador nacional Roberto Mirabella, destac\u00f3 la necesidad de trabajar articuladamente con el gobierno nacional y se\u00f1al\u00f3 que han tenido \u201creuniones positivas, de trabajo. Santa Fe tiene que vincular y articular fuerte la presencia con la Naci\u00f3n, y la Naci\u00f3n con obras y presencia de acompa\u00f1amiento en nuestro territorio. Queremos trabajar juntos a favor de los argentinos, queremos trabajar juntos a favor de los santafesinos\u201d.<\/p>\n\n\n\n<p>\u201cExiste una necesidad de coordinar obras con la Naci\u00f3n, desde las m\u00e1s importantes como son las viales, ruta nacionales que cruzan nuestro territorio como la 33, la 11, 34; los accesos portuarios que son prioridad para la provincia de Santa Fe y la situaci\u00f3n h\u00eddrica de la provincia que tiene la necesidad de coordinar acciones donde la Naci\u00f3n participe junto a las cuencas en la financiaci\u00f3n de esos proyectos que son centrales para resguardar nuestra producci\u00f3n, garantizar el tr\u00e1nsito de nuestras cargas y la seguridad de las personas; hasta las obras menores\u201d indic\u00f3 Perotti.<\/p>\n\n\n\n<p>Sobre ese tema, explic\u00f3 que \u201ctenemos mucha necesidad de obra en cada pueblo, en cada ciudad, para mejorar el acceso al agua y las cloacas. Y esta son las inversiones menores que generan mano de obra m\u00e1s intensiva, prioritaria para una etapa dif\u00edcil, dura como se est\u00e1 viviendo\u201d.<\/p>\n\n\n\n<p>Asimismo, el gobernador manifest\u00f3 que \u201cnosotros como provincia queremos mantener un v\u00ednculo permanente de trabajo coordinado con la Naci\u00f3n\u201d y que es importante sentir el acompa\u00f1amiento del gobierno nacional \u201cpara proteger las \u00e1reas productivas en las que son necesarias obras de fondo\u201d<\/p>\n\n\n\n<p>El mandatario puntualiz\u00f3 que, adem\u00e1s, esta visita se enmarca \u201cen una estrategia para que la provincia tenga mayor presencia en el marco internacional, en el comercio exterior, en la colocaci\u00f3n del trabajo santafesino en el mundo\u201d y que se puedan aprovechar \u201ctodas aquellas posibilidades de financiamiento y cooperaci\u00f3n internacional\u201d.<\/p>\n\n\n\n<p>La jornada comenz\u00f3 con un encuentro en Casa Rosada con el secretario Asinelli, en la que estuvo presente tambi\u00e9n el ministro de Econom\u00eda de la provincia, Walter Agosto. Luego, en la sede del Ministerio de Econom\u00eda de la Naci\u00f3n, mantuvieron un encuentro con Gabriel Katopodis, de la que particip\u00f3 la titular del Ministerio de Infraestructura, Servicios P\u00fablicos y H\u00e1bitat de Santa Fe, Silvina Frana.<\/p>\n\n\n\n<p>Por la tarde, visit\u00f3 al ministro del interior, \u201cWado\u201d de Pedro, posteriormente, Perotti se reuni\u00f3 con el jefe de Gabinete, Santiago Cafiero, y cerr\u00f3 la jornada con un encuentro con la Ministra Mar\u00eda Eugenia Bielsa.&nbsp;&nbsp;<\/p>\n\n\n\n<p><\/p>\n","protected":false},"excerpt":{"rendered":"<p>Perotti se reuni\u00f3 con ministros y funcionarios nacionales en Buenos Aires.<\/p>\n","protected":false},"author":1,"featured_media":24347,"comment_status":"open","ping_status":"open","sticky":false,"template":"","format":"image","meta":{"_jetpack_memberships_contains_paid_content":false,"footnotes":"","jetpack_publicize_message":"","jetpack_publicize_feature_enabled":true,"jetpack_social_post_already_shared":true,"jetpack_social_options":{"image_generator_settings":{"template":"highway","default_image_id":0,"enabled":false},"version":2}},"categories":[6,8,1,2,7,3],"tags":[],"class_list":["post-24346","post","type-post","status-publish","format-image","has-post-thumbnail","hentry","category-cultura-entretenimiento","category-deliberando","category-diario-armstrong","category-locales","category-politica","category-region","post_format-post-format-image"],"jetpack_publicize_connections":[],"jetpack_featured_media_url":"https:\/\/armstrongyregion.com.ar\/diario\/wp-content\/uploads\/2020\/01\/OP_BIELSA_VIVIENDA3.jpg","jetpack_shortlink":"https:\/\/wp.me\/p62QDO-6kG","jetpack_sharing_enabled":true,"amp_enabled":true,"_links":{"self":[{"href":"https:\/\/armstrongyregion.com.ar\/diario\/wp-json\/wp\/v2\/posts\/24346","targetHints":{"allow":["GET"]}}],"collection":[{"href":"https:\/\/armstrongyregion.com.ar\/diario\/wp-json\/wp\/v2\/posts"}],"about":[{"href":"https:\/\/armstrongyregion.com.ar\/diario\/wp-json\/wp\/v2\/types\/post"}],"author":[{"embeddable":true,"href":"https:\/\/armstrongyregion.com.ar\/diario\/wp-json\/wp\/v2\/users\/1"}],"replies":[{"embeddable":true,"href":"https:\/\/armstrongyregion.com.ar\/diario\/wp-json\/wp\/v2\/comments?post=24346"}],"version-history":[{"count":1,"href":"https:\/\/armstrongyregion.com.ar\/diario\/wp-json\/wp\/v2\/posts\/24346\/revisions"}],"predecessor-version":[{"id":24349,"href":"https:\/\/armstrongyregion.com.ar\/diario\/wp-json\/wp\/v2\/posts\/24346\/revisions\/24349"}],"wp:featuredmedia":[{"embeddable":true,"href":"https:\/\/armstrongyregion.com.ar\/diario\/wp-json\/wp\/v2\/media\/24347"}],"wp:attachment":[{"href":"https:\/\/armstrongyregion.com.ar\/diario\/wp-json\/wp\/v2\/media?parent=24346"}],"wp:term":[{"taxonomy":"category","embeddable":true,"href":"https:\/\/armstrongyregion.com.ar\/diario\/wp-json\/wp\/v2\/categories?post=24346"},{"taxonomy":"post_tag","embeddable":true,"href":"https:\/\/armstrongyregion.com.ar\/diario\/wp-json\/wp\/v2\/tags?post=24346"}],"curies":[{"name":"wp","href":"https:\/\/api.w.org\/{rel}","templated":true}]}}