{"id":24342,"date":"2020-01-07T15:41:13","date_gmt":"2020-01-07T15:41:13","guid":{"rendered":"https:\/\/armstrongyregion.com.ar\/diario\/?p=24342"},"modified":"2020-01-07T15:41:19","modified_gmt":"2020-01-07T15:41:19","slug":"esta-noche-se-encenderan-las-luces-en-ruta-15-y-calle-schaer","status":"publish","type":"post","link":"https:\/\/armstrongyregion.com.ar\/diario\/esta-noche-se-encenderan-las-luces-en-ruta-15-y-calle-schaer\/","title":{"rendered":"Esta noche se encender\u00e1n las luces en Ruta 15 y calle Schaer"},"content":{"rendered":"\n<figure class=\"wp-block-image\"><img decoding=\"async\" src=\"http:\/\/armstrongyregion.com.ar\/diario\/wp-content\/uploads\/2019\/11\/comunicados-2018-2.jpg\" alt=\"\" class=\"wp-image-23842\"\/><\/figure>\n\n\n\n<h2 class=\"wp-block-heading\"><\/h2>\n\n\n\n<p>El Intendente Dr. Pablo Verdecchia invita a todos\nlos armstronenses al encendido simb\u00f3lico de luces en la intersecci\u00f3n de Ruta\nProvincial N\u00b0 15 y calle Schaer que se realizar\u00e1 el d\u00eda martes 7 de enero a las\n20:30 hs.<\/p>\n\n\n\n<p>Es la culminaci\u00f3n de la tercera etapa del proyecto\nconjunto entre la Municipalidad de Armstrong, el Gobierno provincial y la\nCooperativa de Obras y Servicios P\u00fablicos de la ciudad, que prev\u00e9 la colocaci\u00f3n\nde la nueva luminaria led.<\/p>\n\n\n\n<p><\/p>\n","protected":false},"excerpt":{"rendered":"<p>Esta noche se encender\u00e1n las luces en Ruta 15 y calle Schaer<\/p>\n","protected":false},"author":1,"featured_media":0,"comment_status":"open","ping_status":"open","sticky":false,"template":"","format":"image","meta":{"_jetpack_memberships_contains_paid_content":false,"footnotes":"","jetpack_publicize_message":"","jetpack_publicize_feature_enabled":true,"jetpack_social_post_already_shared":true,"jetpack_social_options":{"image_generator_settings":{"template":"highway","default_image_id":0,"enabled":false},"version":2}},"categories":[6,8,1,2,7],"tags":[],"class_list":["post-24342","post","type-post","status-publish","format-image","hentry","category-cultura-entretenimiento","category-deliberando","category-diario-armstrong","category-locales","category-politica","post_format-post-format-image"],"jetpack_publicize_connections":[],"jetpack_featured_media_url":"","jetpack_shortlink":"https:\/\/wp.me\/p62QDO-6kC","jetpack_sharing_enabled":true,"amp_enabled":true,"_links":{"self":[{"href":"https:\/\/armstrongyregion.com.ar\/diario\/wp-json\/wp\/v2\/posts\/24342","targetHints":{"allow":["GET"]}}],"collection":[{"href":"https:\/\/armstrongyregion.com.ar\/diario\/wp-json\/wp\/v2\/posts"}],"about":[{"href":"https:\/\/armstrongyregion.com.ar\/diario\/wp-json\/wp\/v2\/types\/post"}],"author":[{"embeddable":true,"href":"https:\/\/armstrongyregion.com.ar\/diario\/wp-json\/wp\/v2\/users\/1"}],"replies":[{"embeddable":true,"href":"https:\/\/armstrongyregion.com.ar\/diario\/wp-json\/wp\/v2\/comments?post=24342"}],"version-history":[{"count":1,"href":"https:\/\/armstrongyregion.com.ar\/diario\/wp-json\/wp\/v2\/posts\/24342\/revisions"}],"predecessor-version":[{"id":24343,"href":"https:\/\/armstrongyregion.com.ar\/diario\/wp-json\/wp\/v2\/posts\/24342\/revisions\/24343"}],"wp:attachment":[{"href":"https:\/\/armstrongyregion.com.ar\/diario\/wp-json\/wp\/v2\/media?parent=24342"}],"wp:term":[{"taxonomy":"category","embeddable":true,"href":"https:\/\/armstrongyregion.com.ar\/diario\/wp-json\/wp\/v2\/categories?post=24342"},{"taxonomy":"post_tag","embeddable":true,"href":"https:\/\/armstrongyregion.com.ar\/diario\/wp-json\/wp\/v2\/tags?post=24342"}],"curies":[{"name":"wp","href":"https:\/\/api.w.org\/{rel}","templated":true}]}}