{"id":24339,"date":"2020-01-07T15:39:04","date_gmt":"2020-01-07T15:39:04","guid":{"rendered":"https:\/\/armstrongyregion.com.ar\/diario\/?p=24339"},"modified":"2020-01-07T15:45:12","modified_gmt":"2020-01-07T15:45:12","slug":"armstrong-se-realizo-un-importante-operativo-de-control-vehicular","status":"publish","type":"post","link":"https:\/\/armstrongyregion.com.ar\/diario\/armstrong-se-realizo-un-importante-operativo-de-control-vehicular\/","title":{"rendered":"Armstrong. Se realizo un importante operativo de control vehicular."},"content":{"rendered":"\n<figure class=\"wp-block-image\"><img loading=\"lazy\" decoding=\"async\" width=\"768\" height=\"576\" src=\"http:\/\/armstrongyregion.com.ar\/diario\/wp-content\/uploads\/2020\/01\/operativo-15-y-9.jpg\" alt=\"\" class=\"wp-image-24340\" srcset=\"https:\/\/armstrongyregion.com.ar\/diario\/wp-content\/uploads\/2020\/01\/operativo-15-y-9.jpg 768w, https:\/\/armstrongyregion.com.ar\/diario\/wp-content\/uploads\/2020\/01\/operativo-15-y-9-300x225.jpg 300w\" sizes=\"auto, (max-width: 768px) 100vw, 768px\" \/><\/figure>\n\n\n\n<h2 class=\"wp-block-heading\"> Importante Operativo de Control Vehicular en intersecci\u00f3n de ruta nacional N9 y ruta provincial 15.<\/h2>\n\n\n\n<p> Personal de la comisar\u00eda 3ra. Armstrong, con apoyatura de otras dependencias y por ordenes emanadas por la Jefatura de Unidad y Jefatura Provincial se llev\u00f3 adelante, \u00e9ste martes 7 de enero, un importante operativo de Control Vehicular en esta intersecci\u00f3n de rutas a la altura de nuestra ciudad.<\/p>\n\n\n\n<p>Fuente: Jorge Tagina.<\/p>\n","protected":false},"excerpt":{"rendered":"<p>Armstrong. Se realizo un importante operativo de control vehicular.<\/p>\n","protected":false},"author":1,"featured_media":24340,"comment_status":"open","ping_status":"open","sticky":false,"template":"","format":"image","meta":{"_jetpack_memberships_contains_paid_content":false,"footnotes":"","jetpack_publicize_message":"","jetpack_publicize_feature_enabled":true,"jetpack_social_post_already_shared":true,"jetpack_social_options":{"image_generator_settings":{"template":"highway","default_image_id":0,"enabled":false},"version":2}},"categories":[8,1,2,2852,7],"tags":[],"class_list":["post-24339","post","type-post","status-publish","format-image","has-post-thumbnail","hentry","category-deliberando","category-diario-armstrong","category-locales","category-policiales","category-politica","post_format-post-format-image"],"jetpack_publicize_connections":[],"jetpack_featured_media_url":"https:\/\/armstrongyregion.com.ar\/diario\/wp-content\/uploads\/2020\/01\/operativo-15-y-9.jpg","jetpack_shortlink":"https:\/\/wp.me\/p62QDO-6kz","jetpack_sharing_enabled":true,"amp_enabled":true,"_links":{"self":[{"href":"https:\/\/armstrongyregion.com.ar\/diario\/wp-json\/wp\/v2\/posts\/24339","targetHints":{"allow":["GET"]}}],"collection":[{"href":"https:\/\/armstrongyregion.com.ar\/diario\/wp-json\/wp\/v2\/posts"}],"about":[{"href":"https:\/\/armstrongyregion.com.ar\/diario\/wp-json\/wp\/v2\/types\/post"}],"author":[{"embeddable":true,"href":"https:\/\/armstrongyregion.com.ar\/diario\/wp-json\/wp\/v2\/users\/1"}],"replies":[{"embeddable":true,"href":"https:\/\/armstrongyregion.com.ar\/diario\/wp-json\/wp\/v2\/comments?post=24339"}],"version-history":[{"count":3,"href":"https:\/\/armstrongyregion.com.ar\/diario\/wp-json\/wp\/v2\/posts\/24339\/revisions"}],"predecessor-version":[{"id":24345,"href":"https:\/\/armstrongyregion.com.ar\/diario\/wp-json\/wp\/v2\/posts\/24339\/revisions\/24345"}],"wp:featuredmedia":[{"embeddable":true,"href":"https:\/\/armstrongyregion.com.ar\/diario\/wp-json\/wp\/v2\/media\/24340"}],"wp:attachment":[{"href":"https:\/\/armstrongyregion.com.ar\/diario\/wp-json\/wp\/v2\/media?parent=24339"}],"wp:term":[{"taxonomy":"category","embeddable":true,"href":"https:\/\/armstrongyregion.com.ar\/diario\/wp-json\/wp\/v2\/categories?post=24339"},{"taxonomy":"post_tag","embeddable":true,"href":"https:\/\/armstrongyregion.com.ar\/diario\/wp-json\/wp\/v2\/tags?post=24339"}],"curies":[{"name":"wp","href":"https:\/\/api.w.org\/{rel}","templated":true}]}}