{"id":24324,"date":"2020-01-03T22:11:08","date_gmt":"2020-01-03T22:11:08","guid":{"rendered":"https:\/\/armstrongyregion.com.ar\/diario\/?p=24324"},"modified":"2020-01-03T22:11:13","modified_gmt":"2020-01-03T22:11:13","slug":"clerici-firmo-el-acta-compromiso-todos-los-chicos-a-la-escuela","status":"publish","type":"post","link":"https:\/\/armstrongyregion.com.ar\/diario\/clerici-firmo-el-acta-compromiso-todos-los-chicos-a-la-escuela\/","title":{"rendered":"Cl\u00e9rici firmo el acta compromiso \u00abTodos los chicos a la Escuela\u00bb."},"content":{"rendered":"\n<figure class=\"wp-block-image\"><img loading=\"lazy\" decoding=\"async\" width=\"634\" height=\"600\" src=\"http:\/\/armstrongyregion.com.ar\/diario\/wp-content\/uploads\/2020\/01\/WhatsApp-Image-2020-01-03-at-12.15.19.jpeg\" alt=\"\" class=\"wp-image-24325\" srcset=\"https:\/\/armstrongyregion.com.ar\/diario\/wp-content\/uploads\/2020\/01\/WhatsApp-Image-2020-01-03-at-12.15.19.jpeg 634w, https:\/\/armstrongyregion.com.ar\/diario\/wp-content\/uploads\/2020\/01\/WhatsApp-Image-2020-01-03-at-12.15.19-300x284.jpeg 300w\" sizes=\"auto, (max-width: 634px) 100vw, 634px\" \/><\/figure>\n\n\n\n<h2 class=\"wp-block-heading\"><\/h2>\n\n\n\n<p>La iniciativa para garantizar el derecho constitucional de ense\u00f1ar y de aprender fue rubricada por el gobernador Omar Perotti, el ministro de Educaci\u00f3n de la Naci\u00f3n, Nicol\u00e1s Trotta y los intendentes y jefes comunales de Santa Fe.<\/p>\n\n\n\n<p>La intendenta Stella Cl\u00e9rici particip\u00f3 esta ma\u00f1ana junto a intendentes y presidentes comunales de la firma del acta compromiso TODAS LAS CHICAS Y LOS CHICOS EN LA ESCUELA APRENDIENDO, con el gobernador provincial Omar Perotti y el ministro de Educaci\u00f3n de Naci\u00f3n, Nicolas Trotta.<\/p>\n\n\n\n<p>La iniciativa plantea: \u201cla provincia, los municipios y comunas se comprometen a garantizar el derecho constitucional de ense\u00f1ar y de aprender. Para ello es fundamental la coordinaci\u00f3n de las pol\u00edticas implementadas en el \u00e1mbito nacional, provincial, municipal y comunal\u201d.<\/p>\n\n\n\n<p>\u201cEl objetivo es que en el inicio de cada ciclo lectivo todas y todos est\u00e9n inscriptos en el nivel obligatorio en las escuelas del \u00e1mbito provincial que les corresponda, desde la edad de cuatro (4) a\u00f1os, hasta la finalizaci\u00f3n de la educaci\u00f3n secundaria y los establecimientos deben contar con las condiciones m\u00ednimas para comenzar las clases\u201d.<\/p>\n\n\n\n<p>Por su parte Cl\u00e9rici manifest\u00f3: \u201cdesde nuestro lugar continuaremos trabajando por una educaci\u00f3n de calidad, como lo venimos haciendo, con el pago del Fondo de Asistencia Educativa y colaborando en cada requerimiento de nuestras escuelas\u201d, destacando el acompa\u00f1amiento del municipio en la remodelaci\u00f3n del CEF n\u00b0 16 y la construcci\u00f3n del CEF n\u00b048, y las gestiones para concretar el edificio propio para el Jard\u00edn Barrilete de Colores y una escuela secundaria para la zona norte de la ciudad.<\/p>\n\n\n\n<p><\/p>\n","protected":false},"excerpt":{"rendered":"<p>Cl\u00e9rici firmo el acta compromiso \u00abTodos los chicos a la Escuela\u00bb.<\/p>\n","protected":false},"author":1,"featured_media":24325,"comment_status":"open","ping_status":"open","sticky":false,"template":"","format":"image","meta":{"_jetpack_memberships_contains_paid_content":false,"footnotes":"","jetpack_publicize_message":"","jetpack_publicize_feature_enabled":true,"jetpack_social_post_already_shared":true,"jetpack_social_options":{"image_generator_settings":{"template":"highway","default_image_id":0,"enabled":false},"version":2}},"categories":[6,8,1,7,3],"tags":[],"class_list":["post-24324","post","type-post","status-publish","format-image","has-post-thumbnail","hentry","category-cultura-entretenimiento","category-deliberando","category-diario-armstrong","category-politica","category-region","post_format-post-format-image"],"jetpack_publicize_connections":[],"jetpack_featured_media_url":"https:\/\/armstrongyregion.com.ar\/diario\/wp-content\/uploads\/2020\/01\/WhatsApp-Image-2020-01-03-at-12.15.19.jpeg","jetpack_shortlink":"https:\/\/wp.me\/p62QDO-6kk","jetpack_sharing_enabled":true,"amp_enabled":true,"_links":{"self":[{"href":"https:\/\/armstrongyregion.com.ar\/diario\/wp-json\/wp\/v2\/posts\/24324","targetHints":{"allow":["GET"]}}],"collection":[{"href":"https:\/\/armstrongyregion.com.ar\/diario\/wp-json\/wp\/v2\/posts"}],"about":[{"href":"https:\/\/armstrongyregion.com.ar\/diario\/wp-json\/wp\/v2\/types\/post"}],"author":[{"embeddable":true,"href":"https:\/\/armstrongyregion.com.ar\/diario\/wp-json\/wp\/v2\/users\/1"}],"replies":[{"embeddable":true,"href":"https:\/\/armstrongyregion.com.ar\/diario\/wp-json\/wp\/v2\/comments?post=24324"}],"version-history":[{"count":1,"href":"https:\/\/armstrongyregion.com.ar\/diario\/wp-json\/wp\/v2\/posts\/24324\/revisions"}],"predecessor-version":[{"id":24326,"href":"https:\/\/armstrongyregion.com.ar\/diario\/wp-json\/wp\/v2\/posts\/24324\/revisions\/24326"}],"wp:featuredmedia":[{"embeddable":true,"href":"https:\/\/armstrongyregion.com.ar\/diario\/wp-json\/wp\/v2\/media\/24325"}],"wp:attachment":[{"href":"https:\/\/armstrongyregion.com.ar\/diario\/wp-json\/wp\/v2\/media?parent=24324"}],"wp:term":[{"taxonomy":"category","embeddable":true,"href":"https:\/\/armstrongyregion.com.ar\/diario\/wp-json\/wp\/v2\/categories?post=24324"},{"taxonomy":"post_tag","embeddable":true,"href":"https:\/\/armstrongyregion.com.ar\/diario\/wp-json\/wp\/v2\/tags?post=24324"}],"curies":[{"name":"wp","href":"https:\/\/api.w.org\/{rel}","templated":true}]}}