{"id":24312,"date":"2020-01-03T12:19:19","date_gmt":"2020-01-03T12:19:19","guid":{"rendered":"https:\/\/armstrongyregion.com.ar\/diario\/?p=24312"},"modified":"2020-01-03T12:19:25","modified_gmt":"2020-01-03T12:19:25","slug":"fuerte-malestar-de-los-gremios-estatales","status":"publish","type":"post","link":"https:\/\/armstrongyregion.com.ar\/diario\/fuerte-malestar-de-los-gremios-estatales\/","title":{"rendered":"Fuerte malestar de los gremios estatales."},"content":{"rendered":"\n<figure class=\"wp-block-image\"><img loading=\"lazy\" decoding=\"async\" width=\"768\" height=\"432\" src=\"http:\/\/armstrongyregion.com.ar\/diario\/wp-content\/uploads\/2020\/01\/maxresdefault-1.jpg\" alt=\"\" class=\"wp-image-24313\" srcset=\"https:\/\/armstrongyregion.com.ar\/diario\/wp-content\/uploads\/2020\/01\/maxresdefault-1.jpg 768w, https:\/\/armstrongyregion.com.ar\/diario\/wp-content\/uploads\/2020\/01\/maxresdefault-1-300x169.jpg 300w\" sizes=\"auto, (max-width: 768px) 100vw, 768px\" \/><\/figure>\n\n\n\n<h2 class=\"wp-block-heading\"> Los trabajadores nucleados Amsaf\u00e9, Siprus y ATE se manifestaron en Rosario y en Santa Fe para protestar contra el cronograma de pago de salarios de la provincia. <\/h2>\n\n\n\n<p>Los trabajadores estatales nucleados en los gremios Amsaf\u00e9, Siprus y ATE se manifestaron en Rosario y en la capital provincial para protestar contra el cronograma de pago extendido de sus salarios.<\/p>\n\n\n\n<p>En ese marco, el titular de Amsaf\u00e9 (gremio que nuclea a los docentes p\u00fablicos) en Rosario, Gustavo Ter\u00e9s, reclam\u00f3 que se revierta la decisi\u00f3n del gobierno provincial de extender el pago de los salarios al personal provincial hasta el 15 de este mes y asegur\u00f3 que existe un \u00abmalestar muy grande\u00bb entre los trabajadores del sector p\u00fablico ante la \u00abpol\u00edtica de ajuste\u00bb de la administraci\u00f3n de Perotti.<\/p>\n\n\n\n<p>\u00abLos trabajadores van a terminar cobrando a mitad de mes, algo realmente incomprensible, con explicaciones que soy muy confusas\u00bb, dispar\u00f3 el l\u00edder gremial docente.<\/p>\n\n\n\n<p>Adem\u00e1s, indic\u00f3 que \u00abSanta Fe est\u00e1 entre las cuatro provincias menos endeudadas del pa\u00eds\u00bb y desliz\u00f3 que pareciera que \u00abel gobierno estuviera preparando el escenario para una paritaria a la baja\u00bb.<\/p>\n\n\n\n<p>Con carteles que dec\u00edan \u00abnosotros tambi\u00e9n tenemos deudas que pagar\u00bb, \u00abno queremos volver a los &#8217;90\u00bb o \u00abexigimos cronogramas dentro de los cinco d\u00edas h\u00e1biles, los trabajadores mostraron su fuerte rechazo\u00bb en una movilizaci\u00f3n que cop\u00f3 la c\u00e9ntrica plaza San Mart\u00edn.<\/p>\n\n\n\n<p>Otra de las voces cr\u00edticas a la decisi\u00f3n del gobernador fue la de la titular del Sindicato de Profesionales Universitarios de la Salud (Siprus), Mar\u00eda Fernanda Boriotti, quien dej\u00f3 en claro el rechazo de su sector a un cronograma de pago \u00abque excede el marco normativo, es decir al cuarto d\u00eda h\u00e1bil deber\u00edan haber cobrado todos\u00bb.<\/p>\n\n\n\n<p>\u00abNo es bueno que la crisis recaiga de esta manera sobre los trabajadores que sostenemos las pol\u00edticas p\u00fablicas y al Estado provincial\u00bb, consider\u00f3.<\/p>\n\n\n\n<p><\/p>\n","protected":false},"excerpt":{"rendered":"<p>Fuerte malestar de los gremios estatales<\/p>\n","protected":false},"author":1,"featured_media":24313,"comment_status":"open","ping_status":"open","sticky":false,"template":"","format":"image","meta":{"_jetpack_memberships_contains_paid_content":false,"footnotes":"","jetpack_publicize_message":"","jetpack_publicize_feature_enabled":true,"jetpack_social_post_already_shared":true,"jetpack_social_options":{"image_generator_settings":{"template":"highway","default_image_id":0,"enabled":false},"version":2}},"categories":[8,1,7,3],"tags":[],"class_list":["post-24312","post","type-post","status-publish","format-image","has-post-thumbnail","hentry","category-deliberando","category-diario-armstrong","category-politica","category-region","post_format-post-format-image"],"jetpack_publicize_connections":[],"jetpack_featured_media_url":"https:\/\/armstrongyregion.com.ar\/diario\/wp-content\/uploads\/2020\/01\/maxresdefault-1.jpg","jetpack_shortlink":"https:\/\/wp.me\/p62QDO-6k8","jetpack_sharing_enabled":true,"amp_enabled":true,"_links":{"self":[{"href":"https:\/\/armstrongyregion.com.ar\/diario\/wp-json\/wp\/v2\/posts\/24312","targetHints":{"allow":["GET"]}}],"collection":[{"href":"https:\/\/armstrongyregion.com.ar\/diario\/wp-json\/wp\/v2\/posts"}],"about":[{"href":"https:\/\/armstrongyregion.com.ar\/diario\/wp-json\/wp\/v2\/types\/post"}],"author":[{"embeddable":true,"href":"https:\/\/armstrongyregion.com.ar\/diario\/wp-json\/wp\/v2\/users\/1"}],"replies":[{"embeddable":true,"href":"https:\/\/armstrongyregion.com.ar\/diario\/wp-json\/wp\/v2\/comments?post=24312"}],"version-history":[{"count":1,"href":"https:\/\/armstrongyregion.com.ar\/diario\/wp-json\/wp\/v2\/posts\/24312\/revisions"}],"predecessor-version":[{"id":24314,"href":"https:\/\/armstrongyregion.com.ar\/diario\/wp-json\/wp\/v2\/posts\/24312\/revisions\/24314"}],"wp:featuredmedia":[{"embeddable":true,"href":"https:\/\/armstrongyregion.com.ar\/diario\/wp-json\/wp\/v2\/media\/24313"}],"wp:attachment":[{"href":"https:\/\/armstrongyregion.com.ar\/diario\/wp-json\/wp\/v2\/media?parent=24312"}],"wp:term":[{"taxonomy":"category","embeddable":true,"href":"https:\/\/armstrongyregion.com.ar\/diario\/wp-json\/wp\/v2\/categories?post=24312"},{"taxonomy":"post_tag","embeddable":true,"href":"https:\/\/armstrongyregion.com.ar\/diario\/wp-json\/wp\/v2\/tags?post=24312"}],"curies":[{"name":"wp","href":"https:\/\/api.w.org\/{rel}","templated":true}]}}