{"id":2430,"date":"2015-06-01T00:27:55","date_gmt":"2015-06-01T00:27:55","guid":{"rendered":"https:\/\/armstrongyregion.com.ar\/diario\/?p=2430"},"modified":"2015-06-01T00:27:55","modified_gmt":"2015-06-01T00:27:55","slug":"las-parejas-sandra-clerici-nosotros-tenemos-muchas-expectativas-estamos-muy-ilusionados-y-estamos-muy-preparados","status":"publish","type":"post","link":"https:\/\/armstrongyregion.com.ar\/diario\/las-parejas-sandra-clerici-nosotros-tenemos-muchas-expectativas-estamos-muy-ilusionados-y-estamos-muy-preparados\/","title":{"rendered":"Las Parejas: Sandra Clerici \u201cNosotros tenemos muchas expectativas, estamos muy ilusionados, y estamos muy preparados\u201d"},"content":{"rendered":"<p><a href=\"http:\/\/armstrongyregion.com.ar\/diario\/wp-content\/uploads\/2015\/06\/11250025_860332727380809_8386219402872027368_n.jpg\"><img loading=\"lazy\" decoding=\"async\" class=\"alignnone size-medium wp-image-2431\" src=\"http:\/\/armstrongyregion.com.ar\/diario\/wp-content\/uploads\/2015\/06\/11250025_860332727380809_8386219402872027368_n-300x200.jpg\" alt=\"Sandra Cl\u00e9rici\" width=\"300\" height=\"200\" srcset=\"https:\/\/armstrongyregion.com.ar\/diario\/wp-content\/uploads\/2015\/06\/11250025_860332727380809_8386219402872027368_n-300x200.jpg 300w, https:\/\/armstrongyregion.com.ar\/diario\/wp-content\/uploads\/2015\/06\/11250025_860332727380809_8386219402872027368_n.jpg 960w\" sizes=\"auto, (max-width: 300px) 100vw, 300px\" \/><\/a>El Frente Progresista C\u00edvico y Social, del departamento Belgrano se reuni\u00f3 el pasado viernes en las instalaciones del Sportivo Atl\u00e9tico Las Parejas en una cena donde asistieron m\u00e1s de 1500 personas. Se hallaban presentes el gobernador Antonio Bonfatti, el candidato a gobernador Miguel Lifschitz, el candidato a senador departamental Pablo Verdecchia, respaldando las candidaturas locales de Sandra Clerici a la intendencia y de Roxana Collaud como primera concejala entre otros dirigentes.<br \/>\nLa arquitecta Sandra Clerici sobre este acto y las presencias expres\u00f3: \u201cEstoy m\u00e1s que feliz por la presencia tanto de Bonfatti como de Lifschitz, en lo que hace al gobernador \u00e9l ha sido medico aqu\u00ed y presidente comunal recibiendo el cari\u00f1o de la gente y eso nos hace muy felices.\u201d<br \/>\nRelacionado a la numerosa convocatoria que han tenido manifest\u00f3: \u201cUno cuando empieza a organizar algo no sabe c\u00f3mo termina, pero la verdad no esper\u00e1bamos tanta gente, sinceramente nos desbord\u00f3 y creo que la reuni\u00f3n ha salido muy bien.\u201d<br \/>\nEn su mensaje la candidata a intendente hizo referencia al plan estrat\u00e9gico para la ciudad que se basa en estos puntos b\u00e1sicos: \u201cNosotros lo que armamos en forma conjunta con mi equipo fue un plan de gobierno, que incluye un plan estrat\u00e9gico, que dentro de \u00e9l hay varios puntos importantes, el primero que abordamos es el tema de la vivienda para la ciudad, que tiene una trascendencia fundamental, que no solo tiene una importancia edilicia sino que alberga el hogar que es nada m\u00e1s y nada menos que el contenedor de los v\u00ednculos familiares.\u201d<br \/>\nCon referencia a los planes de loteos que ha realizado la administraci\u00f3n actual se le consult\u00f3 si eso no es suficiente: \u201cEl segundo paso a dar va a ser utilizar esos lotes, hay uno de 240 viviendas, otro nuevo de 195, es muy importante como terreno, pero tambi\u00e9n falta infraestructura de servicios, en el primer loteo falta la totalidad de los servicios, sin lugar a dudas ese va a ser nuestro compromiso poder completar esos servicios y adem\u00e1s dar algunas posibilidades crediticias para que la gente pueda aunque sea con un n\u00facleo b\u00e1sico, poder vivir en un principio y luego ampliar si es necesario.\u201d<\/p>\n","protected":false},"excerpt":{"rendered":"<p>El Frente Progresista C\u00edvico y Social, del departamento Belgrano se reuni\u00f3 el pasado viernes en las instalaciones del Sportivo Atl\u00e9tico Las Parejas en una cena donde asistieron m\u00e1s de 1500 personas. Se hallaban presentes el gobernador Antonio Bonfatti, el candidato a gobernador Miguel Lifschitz, el candidato a senador departamental Pablo Verdecchia, respaldando las candidaturas locales <a href=\"https:\/\/armstrongyregion.com.ar\/diario\/las-parejas-sandra-clerici-nosotros-tenemos-muchas-expectativas-estamos-muy-ilusionados-y-estamos-muy-preparados\/\" title=\"Read more\" >&#8230;<\/a><\/p>\n","protected":false},"author":2,"featured_media":2431,"comment_status":"open","ping_status":"open","sticky":false,"template":"","format":"standard","meta":{"_jetpack_memberships_contains_paid_content":false,"footnotes":"","jetpack_publicize_message":"","jetpack_publicize_feature_enabled":true,"jetpack_social_post_already_shared":false,"jetpack_social_options":{"image_generator_settings":{"template":"highway","default_image_id":0,"enabled":false},"version":2}},"categories":[8,1,7,3],"tags":[83,1863,1862,1864,23,1707,212,1860,24,1865,1859,1861,13],"class_list":["post-2430","post","type-post","status-publish","format-standard","has-post-thumbnail","hentry","category-deliberando","category-diario-armstrong","category-politica","category-region","tag-clerici","tag-estamos","tag-expectativas","tag-ilusionados","tag-las","tag-muchas","tag-muy","tag-nosotros","tag-parejas","tag-preparados","tag-sandra","tag-tenemos","tag-y"],"jetpack_publicize_connections":[],"jetpack_featured_media_url":"https:\/\/armstrongyregion.com.ar\/diario\/wp-content\/uploads\/2015\/06\/11250025_860332727380809_8386219402872027368_n.jpg","jetpack_shortlink":"https:\/\/wp.me\/p62QDO-Dc","jetpack_sharing_enabled":true,"amp_enabled":true,"_links":{"self":[{"href":"https:\/\/armstrongyregion.com.ar\/diario\/wp-json\/wp\/v2\/posts\/2430","targetHints":{"allow":["GET"]}}],"collection":[{"href":"https:\/\/armstrongyregion.com.ar\/diario\/wp-json\/wp\/v2\/posts"}],"about":[{"href":"https:\/\/armstrongyregion.com.ar\/diario\/wp-json\/wp\/v2\/types\/post"}],"author":[{"embeddable":true,"href":"https:\/\/armstrongyregion.com.ar\/diario\/wp-json\/wp\/v2\/users\/2"}],"replies":[{"embeddable":true,"href":"https:\/\/armstrongyregion.com.ar\/diario\/wp-json\/wp\/v2\/comments?post=2430"}],"version-history":[{"count":0,"href":"https:\/\/armstrongyregion.com.ar\/diario\/wp-json\/wp\/v2\/posts\/2430\/revisions"}],"wp:featuredmedia":[{"embeddable":true,"href":"https:\/\/armstrongyregion.com.ar\/diario\/wp-json\/wp\/v2\/media\/2431"}],"wp:attachment":[{"href":"https:\/\/armstrongyregion.com.ar\/diario\/wp-json\/wp\/v2\/media?parent=2430"}],"wp:term":[{"taxonomy":"category","embeddable":true,"href":"https:\/\/armstrongyregion.com.ar\/diario\/wp-json\/wp\/v2\/categories?post=2430"},{"taxonomy":"post_tag","embeddable":true,"href":"https:\/\/armstrongyregion.com.ar\/diario\/wp-json\/wp\/v2\/tags?post=2430"}],"curies":[{"name":"wp","href":"https:\/\/api.w.org\/{rel}","templated":true}]}}