{"id":24270,"date":"2019-12-30T13:09:56","date_gmt":"2019-12-30T13:09:56","guid":{"rendered":"https:\/\/armstrongyregion.com.ar\/diario\/?p=24270"},"modified":"2019-12-30T13:10:02","modified_gmt":"2019-12-30T13:10:02","slug":"el-frente-progresista-adelanto-que-no-votara-las-leyes-de-emergencia-de-perotti","status":"publish","type":"post","link":"https:\/\/armstrongyregion.com.ar\/diario\/el-frente-progresista-adelanto-que-no-votara-las-leyes-de-emergencia-de-perotti\/","title":{"rendered":"El Frente Progresista adelant\u00f3 que no votar\u00e1 las leyes de emergencia de Perotti"},"content":{"rendered":"\n<figure class=\"wp-block-image\"><img loading=\"lazy\" decoding=\"async\" width=\"800\" height=\"450\" src=\"http:\/\/armstrongyregion.com.ar\/diario\/wp-content\/uploads\/2019\/12\/pullaro.jpg_1756841869.jpg\" alt=\"\" class=\"wp-image-24271\" srcset=\"https:\/\/armstrongyregion.com.ar\/diario\/wp-content\/uploads\/2019\/12\/pullaro.jpg_1756841869.jpg 800w, https:\/\/armstrongyregion.com.ar\/diario\/wp-content\/uploads\/2019\/12\/pullaro.jpg_1756841869-300x169.jpg 300w, https:\/\/armstrongyregion.com.ar\/diario\/wp-content\/uploads\/2019\/12\/pullaro.jpg_1756841869-768x432.jpg 768w\" sizes=\"auto, (max-width: 800px) 100vw, 800px\" \/><\/figure>\n\n\n\n<h2 class=\"wp-block-heading\"> El diputado provincial Maximiliano Pullaro confirm\u00f3 que hoy\u00a0no dar\u00e1n luz verde a las cuatro emergencias y dej\u00f3 en suspenso el destino de la reforma tributaria. \u201cNo le vamos a dar superpoderes al gobernador\u201d, plante\u00f3 <\/h2>\n\n\n\n<p><strong>El Frente Progresista C\u00edvico y Social descart\u00f3 que hoy apruebe en Diputados las 4 emergencias presentadas por el gobernador Omar Perotti\u00a0<\/strong>que el viernes pasado obtuvieron su media sanci\u00f3n en el Senado provincial. Si bien se especulaba con la posibilidad de que la oposici\u00f3n se plante en el debate, el diputado Maximiliano Pullaro ya confirm\u00f3 que este lunes no se aprobar\u00e1. En cuanto a la otra parte del paquete de \u201causteridad\u201d del Gobierno\u00a0provincial que integra la denominada reforma tributaria, puso puntos suspensivos. <\/p>\n\n\n\n<p> En di\u00e1logo con\u00a0<em>Radi\u00f3polis<\/em>\u00a0(Radio 2) el ex ministro de Seguridad provincial asegur\u00f3: \u201cNo me molesta para nada que se hayan propuesto leyes de emergencia, incluso en Seguridad, lo que s\u00ed creo es que detr\u00e1s de ello hay excusas,\u00a0<strong>se pretende avanzar en el manejo discrecional de los fondos p\u00fablicos. Detr\u00e1s de esos conceptos muy rimbombantes lo que se pretende es darle superpoderes al gobernador y no lo vamos a permitir, no se los vamos a dar<\/strong>\u201d, sostuvo. <\/p>\n\n\n\n<p>Pullaro consider\u00f3 que la propuesta del Ejecutivo \u201capunta a tener m\u00e1s facultades y poco control ya que elimina pr\u00e1cticamente el Tribunal de Cuentas\u201d. Y remarc\u00f3: \u201cEs imposible, no podemos con esto, pero lo vamos a estudiar con tiempo porque son leyes muy pesadas\u201d.<\/p>\n\n\n\n<p>Consultado acerca de c\u00f3mo se va a comportar la mayor\u00eda en la c\u00e1mara alta hoy, admiti\u00f3:&nbsp;<strong>\u201cLo vamos a discutir pero&nbsp;no vamos a aprobar las leyes de emergencia\u201d.<\/strong><\/p>\n\n\n\n<p>En cuanto a la reforma tributaria, tambi\u00e9n sancionada por los senadores provinciales, observ\u00f3: \u201cA las 11 tendremos reuniones con instituciones intermedias que vienen a darnos su posici\u00f3n,\u00a0<strong>veremos entonces si acompa\u00f1amos o no<\/strong>\u201d, dijo dejando la puerta abierta a la media sanci\u00f3n que falta para que sea ley.<\/p>\n\n\n\n<p><\/p>\n","protected":false},"excerpt":{"rendered":"<p>El Frente Progresista adelant\u00f3 que no votar\u00e1 las leyes de emergencia de Perotti<\/p>\n","protected":false},"author":1,"featured_media":24271,"comment_status":"open","ping_status":"open","sticky":false,"template":"","format":"image","meta":{"_jetpack_memberships_contains_paid_content":false,"footnotes":"","jetpack_publicize_message":"","jetpack_publicize_feature_enabled":true,"jetpack_social_post_already_shared":true,"jetpack_social_options":{"image_generator_settings":{"template":"highway","default_image_id":0,"enabled":false},"version":2}},"categories":[8,1,2,7,3],"tags":[],"class_list":["post-24270","post","type-post","status-publish","format-image","has-post-thumbnail","hentry","category-deliberando","category-diario-armstrong","category-locales","category-politica","category-region","post_format-post-format-image"],"jetpack_publicize_connections":[],"jetpack_featured_media_url":"https:\/\/armstrongyregion.com.ar\/diario\/wp-content\/uploads\/2019\/12\/pullaro.jpg_1756841869.jpg","jetpack_shortlink":"https:\/\/wp.me\/p62QDO-6js","jetpack_sharing_enabled":true,"amp_enabled":true,"_links":{"self":[{"href":"https:\/\/armstrongyregion.com.ar\/diario\/wp-json\/wp\/v2\/posts\/24270","targetHints":{"allow":["GET"]}}],"collection":[{"href":"https:\/\/armstrongyregion.com.ar\/diario\/wp-json\/wp\/v2\/posts"}],"about":[{"href":"https:\/\/armstrongyregion.com.ar\/diario\/wp-json\/wp\/v2\/types\/post"}],"author":[{"embeddable":true,"href":"https:\/\/armstrongyregion.com.ar\/diario\/wp-json\/wp\/v2\/users\/1"}],"replies":[{"embeddable":true,"href":"https:\/\/armstrongyregion.com.ar\/diario\/wp-json\/wp\/v2\/comments?post=24270"}],"version-history":[{"count":1,"href":"https:\/\/armstrongyregion.com.ar\/diario\/wp-json\/wp\/v2\/posts\/24270\/revisions"}],"predecessor-version":[{"id":24272,"href":"https:\/\/armstrongyregion.com.ar\/diario\/wp-json\/wp\/v2\/posts\/24270\/revisions\/24272"}],"wp:featuredmedia":[{"embeddable":true,"href":"https:\/\/armstrongyregion.com.ar\/diario\/wp-json\/wp\/v2\/media\/24271"}],"wp:attachment":[{"href":"https:\/\/armstrongyregion.com.ar\/diario\/wp-json\/wp\/v2\/media?parent=24270"}],"wp:term":[{"taxonomy":"category","embeddable":true,"href":"https:\/\/armstrongyregion.com.ar\/diario\/wp-json\/wp\/v2\/categories?post=24270"},{"taxonomy":"post_tag","embeddable":true,"href":"https:\/\/armstrongyregion.com.ar\/diario\/wp-json\/wp\/v2\/tags?post=24270"}],"curies":[{"name":"wp","href":"https:\/\/api.w.org\/{rel}","templated":true}]}}