{"id":2427,"date":"2015-05-30T22:52:48","date_gmt":"2015-05-30T22:52:48","guid":{"rendered":"https:\/\/armstrongyregion.com.ar\/diario\/?p=2427"},"modified":"2015-05-30T22:52:48","modified_gmt":"2015-05-30T22:52:48","slug":"armstrong-se-suspendio-la-marcha-por-jorge-cejas","status":"publish","type":"post","link":"https:\/\/armstrongyregion.com.ar\/diario\/armstrong-se-suspendio-la-marcha-por-jorge-cejas\/","title":{"rendered":"Armstrong. Se suspendi\u00f3 la marcha por Jorge Cejas."},"content":{"rendered":"<p><a href=\"http:\/\/armstrongyregion.com.ar\/diario\/wp-content\/uploads\/2015\/05\/IMG-20150530-WA0009.jpg\"><img loading=\"lazy\" decoding=\"async\" class=\"alignnone size-medium wp-image-2428\" src=\"http:\/\/armstrongyregion.com.ar\/diario\/wp-content\/uploads\/2015\/05\/IMG-20150530-WA0009-300x225.jpg\" alt=\"caso Cejas\" width=\"300\" height=\"225\" srcset=\"https:\/\/armstrongyregion.com.ar\/diario\/wp-content\/uploads\/2015\/05\/IMG-20150530-WA0009-300x225.jpg 300w, https:\/\/armstrongyregion.com.ar\/diario\/wp-content\/uploads\/2015\/05\/IMG-20150530-WA0009-1024x768.jpg 1024w, https:\/\/armstrongyregion.com.ar\/diario\/wp-content\/uploads\/2015\/05\/IMG-20150530-WA0009.jpg 1280w\" sizes=\"auto, (max-width: 300px) 100vw, 300px\" \/><\/a>La llovizna del viernes por la noche conspiro con la realizaci\u00f3n de la marcha, el pedido de Justicia y aparici\u00f3n con vida del empresario Jorge Cejas, desaparici\u00f3n de la cual se cumplen 14 meses.<br \/>\nGraciela D\u00edaz habitual vocera, nos dec\u00eda, \u201cDecidimos suspender la marcha, para no exponer a la gente a caminar debajo de la lluvia, vamos a tratar de organizarla dentro de un par de s\u00e1bados, estamos pensando en eso, \u00e9sta ma\u00f1ana el Fiscal Granatto, nos dio el n\u00famero de tel\u00e9fono, al cual la gente puede llamar para aportar datos, el mismo es 3425310449 de la P.D.I. Unidad de Investigaciones de la Polic\u00eda, recordemos que la Justicia autoriz\u00f3 esta semana el ofrecimiento de $2.000.000- de parte de la familia, para quien aporte datos que contribuyan a esclarecer el caso.<br \/>\nInforme, Jorge Tagina para Armstrong y Region.<\/p>\n","protected":false},"excerpt":{"rendered":"<p>La llovizna del viernes por la noche conspiro con la realizaci\u00f3n de la marcha, el pedido de Justicia y aparici\u00f3n con vida del empresario Jorge Cejas, desaparici\u00f3n de la cual se cumplen 14 meses. Graciela D\u00edaz habitual vocera, nos dec\u00eda, \u201cDecidimos suspender la marcha, para no exponer a la gente a caminar debajo de la <a href=\"https:\/\/armstrongyregion.com.ar\/diario\/armstrong-se-suspendio-la-marcha-por-jorge-cejas\/\" title=\"Read more\" >&#8230;<\/a><\/p>\n","protected":false},"author":2,"featured_media":2428,"comment_status":"open","ping_status":"open","sticky":false,"template":"","format":"standard","meta":{"_jetpack_memberships_contains_paid_content":false,"footnotes":"","jetpack_publicize_message":"","jetpack_publicize_feature_enabled":true,"jetpack_social_post_already_shared":false,"jetpack_social_options":{"image_generator_settings":{"template":"highway","default_image_id":0,"enabled":false},"version":2}},"categories":[1,2],"tags":[20,274,807,31,276,60,86,1858],"class_list":["post-2427","post","type-post","status-publish","format-standard","has-post-thumbnail","hentry","category-diario-armstrong","category-locales","tag-armstrong","tag-cejas","tag-jorge","tag-la","tag-marcha","tag-por","tag-se","tag-suspendio"],"jetpack_publicize_connections":[],"jetpack_featured_media_url":"https:\/\/armstrongyregion.com.ar\/diario\/wp-content\/uploads\/2015\/05\/IMG-20150530-WA0009.jpg","jetpack_shortlink":"https:\/\/wp.me\/p62QDO-D9","jetpack_sharing_enabled":true,"amp_enabled":true,"_links":{"self":[{"href":"https:\/\/armstrongyregion.com.ar\/diario\/wp-json\/wp\/v2\/posts\/2427","targetHints":{"allow":["GET"]}}],"collection":[{"href":"https:\/\/armstrongyregion.com.ar\/diario\/wp-json\/wp\/v2\/posts"}],"about":[{"href":"https:\/\/armstrongyregion.com.ar\/diario\/wp-json\/wp\/v2\/types\/post"}],"author":[{"embeddable":true,"href":"https:\/\/armstrongyregion.com.ar\/diario\/wp-json\/wp\/v2\/users\/2"}],"replies":[{"embeddable":true,"href":"https:\/\/armstrongyregion.com.ar\/diario\/wp-json\/wp\/v2\/comments?post=2427"}],"version-history":[{"count":0,"href":"https:\/\/armstrongyregion.com.ar\/diario\/wp-json\/wp\/v2\/posts\/2427\/revisions"}],"wp:featuredmedia":[{"embeddable":true,"href":"https:\/\/armstrongyregion.com.ar\/diario\/wp-json\/wp\/v2\/media\/2428"}],"wp:attachment":[{"href":"https:\/\/armstrongyregion.com.ar\/diario\/wp-json\/wp\/v2\/media?parent=2427"}],"wp:term":[{"taxonomy":"category","embeddable":true,"href":"https:\/\/armstrongyregion.com.ar\/diario\/wp-json\/wp\/v2\/categories?post=2427"},{"taxonomy":"post_tag","embeddable":true,"href":"https:\/\/armstrongyregion.com.ar\/diario\/wp-json\/wp\/v2\/tags?post=2427"}],"curies":[{"name":"wp","href":"https:\/\/api.w.org\/{rel}","templated":true}]}}