{"id":24244,"date":"2019-12-27T12:30:49","date_gmt":"2019-12-27T12:30:49","guid":{"rendered":"https:\/\/armstrongyregion.com.ar\/diario\/?p=24244"},"modified":"2019-12-27T12:30:56","modified_gmt":"2019-12-27T12:30:56","slug":"preven-otro-aumento-de-la-nafta-a-menos-que-el-gobierno-decida-postergarlo","status":"publish","type":"post","link":"https:\/\/armstrongyregion.com.ar\/diario\/preven-otro-aumento-de-la-nafta-a-menos-que-el-gobierno-decida-postergarlo\/","title":{"rendered":"Prev\u00e9n otro aumento de la nafta \u201ca menos que el gobierno decida postergarlo\u201d"},"content":{"rendered":"\n<figure class=\"wp-block-image\"><img loading=\"lazy\" decoding=\"async\" width=\"800\" height=\"450\" src=\"http:\/\/armstrongyregion.com.ar\/diario\/wp-content\/uploads\/2019\/12\/nafta_aumento_crop1572537538595.jpg_1756841869.jpg\" alt=\"\" class=\"wp-image-24245\" srcset=\"https:\/\/armstrongyregion.com.ar\/diario\/wp-content\/uploads\/2019\/12\/nafta_aumento_crop1572537538595.jpg_1756841869.jpg 800w, https:\/\/armstrongyregion.com.ar\/diario\/wp-content\/uploads\/2019\/12\/nafta_aumento_crop1572537538595.jpg_1756841869-300x169.jpg 300w, https:\/\/armstrongyregion.com.ar\/diario\/wp-content\/uploads\/2019\/12\/nafta_aumento_crop1572537538595.jpg_1756841869-768x432.jpg 768w\" sizes=\"auto, (max-width: 800px) 100vw, 800px\" \/><\/figure>\n\n\n\n<h2 class=\"wp-block-heading\"> Desde la C\u00e1mara de Empresarios del Combustible confirmaron que est\u00e1 previsto una nueva suba desde el 1 de enero. Pero aclararon que el nuevo gobierno nacional \u201cpude dar marcha atr\u00e1s\u201d <\/h2>\n\n\n\n<p>\u00bfSe viene un nuevo aumento de los combustibles? La respuesta de la C\u00e1mara de Empresario de este rubro asegura que \u201cs\u00ed\u201d, pero aclara que \u201cel gobierno nacional podr\u00eda postergarlo\u201d. El incremento previsto ser\u00eda entre el 1,5 y 2 por ciento.<\/p>\n\n\n\n<p><\/p>\n\n\n\n<p>El secretario de la C\u00e1mara de Empresarios del Combustible, Ra\u00fal Castellanos, dijo que\u00a0<strong>\u201cs\u00ed, en principio va a haber un nuevo aumento, de no mediar un cambio de posici\u00f3n del gobierno\u201d.<\/strong><\/p>\n\n\n\n<p>Castellanos ampli\u00f3 que la suba se debe al \u201cimpuesto interno del combustible l\u00edquido\u201d y detall\u00f3 que&nbsp;<strong>\u201cel incremento ser\u00eda entre 1,5 y 2 por ciento\u201d.<\/strong><\/p>\n\n\n\n<p><strong>\u201cEse es el incremento que se dar\u00eda a partir del 1 de enero, pero insisto que hay que esperar la decisi\u00f3n del gobierno, que puede postergarlo\u201d<\/strong>, aclar\u00f3 el representante de los empresarios del combustible.<\/p>\n\n\n\n<p>Adem\u00e1s, Castellanos coment\u00f3 que \u201cseg\u00fan las empresas petroleras, hay un atraso de entre el 8 y el 10 por ciento en el precio del combustible\u201d. Y agreg\u00f3 que \u201cesa diferencia las empresas lo toman entre el precio de exportaci\u00f3n y de venta interna del combustible\u201d.<\/p>\n\n\n\n<p>\u201cEl valor de los combustibles tiene que ver con el valor internacional del petr\u00f3leo y del tipo de cambio, pero no siempre es verdad que un litro de nafta tiene que valer un d\u00f3lar\u201d, afirm\u00f3.<\/p>\n\n\n\n<p>Por \u00faltimo, Castellanos describi\u00f3 que \u201clas ventas han ca\u00eddo bastante en este 2019, tomando como referencia las ventas del a\u00f1o pasado que ya ven\u00edan muy bajas\u201d.<\/p>\n","protected":false},"excerpt":{"rendered":"<p>Prev\u00e9n otro aumento de la nafta \u201ca menos que el gobierno decida postergarlo\u201d<\/p>\n","protected":false},"author":1,"featured_media":24245,"comment_status":"open","ping_status":"open","sticky":false,"template":"","format":"image","meta":{"_jetpack_memberships_contains_paid_content":false,"footnotes":"","jetpack_publicize_message":"","jetpack_publicize_feature_enabled":true,"jetpack_social_post_already_shared":true,"jetpack_social_options":{"image_generator_settings":{"template":"highway","default_image_id":0,"enabled":false},"version":2}},"categories":[8,1,2,7,3],"tags":[],"class_list":["post-24244","post","type-post","status-publish","format-image","has-post-thumbnail","hentry","category-deliberando","category-diario-armstrong","category-locales","category-politica","category-region","post_format-post-format-image"],"jetpack_publicize_connections":[],"jetpack_featured_media_url":"https:\/\/armstrongyregion.com.ar\/diario\/wp-content\/uploads\/2019\/12\/nafta_aumento_crop1572537538595.jpg_1756841869.jpg","jetpack_shortlink":"https:\/\/wp.me\/p62QDO-6j2","jetpack_sharing_enabled":true,"amp_enabled":true,"_links":{"self":[{"href":"https:\/\/armstrongyregion.com.ar\/diario\/wp-json\/wp\/v2\/posts\/24244","targetHints":{"allow":["GET"]}}],"collection":[{"href":"https:\/\/armstrongyregion.com.ar\/diario\/wp-json\/wp\/v2\/posts"}],"about":[{"href":"https:\/\/armstrongyregion.com.ar\/diario\/wp-json\/wp\/v2\/types\/post"}],"author":[{"embeddable":true,"href":"https:\/\/armstrongyregion.com.ar\/diario\/wp-json\/wp\/v2\/users\/1"}],"replies":[{"embeddable":true,"href":"https:\/\/armstrongyregion.com.ar\/diario\/wp-json\/wp\/v2\/comments?post=24244"}],"version-history":[{"count":1,"href":"https:\/\/armstrongyregion.com.ar\/diario\/wp-json\/wp\/v2\/posts\/24244\/revisions"}],"predecessor-version":[{"id":24246,"href":"https:\/\/armstrongyregion.com.ar\/diario\/wp-json\/wp\/v2\/posts\/24244\/revisions\/24246"}],"wp:featuredmedia":[{"embeddable":true,"href":"https:\/\/armstrongyregion.com.ar\/diario\/wp-json\/wp\/v2\/media\/24245"}],"wp:attachment":[{"href":"https:\/\/armstrongyregion.com.ar\/diario\/wp-json\/wp\/v2\/media?parent=24244"}],"wp:term":[{"taxonomy":"category","embeddable":true,"href":"https:\/\/armstrongyregion.com.ar\/diario\/wp-json\/wp\/v2\/categories?post=24244"},{"taxonomy":"post_tag","embeddable":true,"href":"https:\/\/armstrongyregion.com.ar\/diario\/wp-json\/wp\/v2\/tags?post=24244"}],"curies":[{"name":"wp","href":"https:\/\/api.w.org\/{rel}","templated":true}]}}