{"id":24241,"date":"2019-12-27T12:27:12","date_gmt":"2019-12-27T12:27:12","guid":{"rendered":"https:\/\/armstrongyregion.com.ar\/diario\/?p=24241"},"modified":"2019-12-27T12:27:18","modified_gmt":"2019-12-27T12:27:18","slug":"amsafe-le-pide-al-gobierno-de-perotti-un-pacto-educativo-ante-la-crisis","status":"publish","type":"post","link":"https:\/\/armstrongyregion.com.ar\/diario\/amsafe-le-pide-al-gobierno-de-perotti-un-pacto-educativo-ante-la-crisis\/","title":{"rendered":"Amsaf\u00e9 le pide al gobierno de Perotti un \u201cpacto educativo ante la crisis\u201d"},"content":{"rendered":"\n<figure class=\"wp-block-image\"><img loading=\"lazy\" decoding=\"async\" width=\"800\" height=\"450\" src=\"http:\/\/armstrongyregion.com.ar\/diario\/wp-content\/uploads\/2019\/12\/clasess_jpg_1572130063_jpg_1572130063_jpg_1572130063_crop1577444123374.jpg_1756841869.jpg\" alt=\"\" class=\"wp-image-24242\" srcset=\"https:\/\/armstrongyregion.com.ar\/diario\/wp-content\/uploads\/2019\/12\/clasess_jpg_1572130063_jpg_1572130063_jpg_1572130063_crop1577444123374.jpg_1756841869.jpg 800w, https:\/\/armstrongyregion.com.ar\/diario\/wp-content\/uploads\/2019\/12\/clasess_jpg_1572130063_jpg_1572130063_jpg_1572130063_crop1577444123374.jpg_1756841869-300x169.jpg 300w, https:\/\/armstrongyregion.com.ar\/diario\/wp-content\/uploads\/2019\/12\/clasess_jpg_1572130063_jpg_1572130063_jpg_1572130063_crop1577444123374.jpg_1756841869-768x432.jpg 768w\" sizes=\"auto, (max-width: 800px) 100vw, 800px\" \/><\/figure>\n\n\n\n<h2 class=\"wp-block-heading\"> El gremio de los maestros provinciales elabor\u00f3 un plan que contempla \u201cjerarquizaci\u00f3n de docentes y escuelas\u201d y \u201cfortalecimiento de comedores escolares\u201d. Sobre la paritaria, indicaron que \u201cla idea es juntarse con tiempo para que las clases comiencen con normalidad\u201d <\/h2>\n\n\n\n<p><\/p>\n\n\n\n<p> El gremio de los docentes p\u00fablicos de la provincia,<strong>\u00a0Amsaf\u00e9, sali\u00f3 a proponerle al nuevo gobierno de Omar Perotti un \u201cpacto educativos ante la crisis\u201d<\/strong>. La propuesta contempla una \u201cjerarquizaci\u00f3n de docentes y escuelas\u201d y el \u201cfortalecimiento de los comedores escolares\u201d. La discusi\u00f3n salarial tambi\u00e9n es uno de los temas principales y desde el sindicato destacaron que\u00a0<strong>\u201cla idea es juntarse con tiempo para que las clases empiecen con la mayor normalidad posible\u201d.<\/strong><\/p>\n\n\n\n<p><\/p>\n\n\n\n<p> El secretario gremial de Amsaf\u00e9, Roque Jaimes, anticip\u00f3 en el programa\u00a0<em>Radi\u00f3polis<\/em>\u00a0(Radio 2) que\u00a0<strong>\u201cla idea es juntarse a charlar con tiempo para que las clases inicien con la mayor normalidad posible\u201d.<\/strong>\u00a0Vale recordar que el calendario escolar 2020 indica que el ciclo lectivo debe comenzar el pr\u00f3ximo 2 de marzo en la provincia de Santa Fe. <\/p>\n\n\n\n<p><\/p>\n\n\n\n<p><strong>\u201cYa hemos avanzado en charlas con la ministra de Educaci\u00f3n (Adriana Cantero) en temas de gravedad, que est\u00e1 enmarcados en la crisis general\u201d<\/strong>, apunt\u00f3 Jaimes. En el documento que elabor\u00f3 el gremio de los docentes p\u00fablicos de la provincia, se establece la necesidad de \u201cconstruir alternativas s\u00f3lidas que ofrezcan oportunidades, en lugar de discriminaci\u00f3n y violencia\u201d.<\/p>\n\n\n\n<p><\/p>\n\n\n\n<p>\u201cHacemos un llamado a todos los estamentos del Estado a elaborar un\u00a0<strong>plan conjunto que contemple la jerarquizaci\u00f3n de las escuelas y sus docentes<\/strong>; y eleve los est\u00e1ndares de todas las instituciones educativas\u201d, agrega el escrito.<\/p>\n\n\n\n<p>El gremio le pide a la provincia que&nbsp;<strong>\u201capunte sus ca\u00f1ones al fortalecimiento de los comedores escolares, que muchas veces representan el \u00fanico alimento nutritivo con el que cuentan las generaciones que, en poco tiempo, deber\u00e1n tomar tim\u00f3n de nuestros destinos\u201d.<\/strong><\/p>\n\n\n\n<p>\u201cS\u00f3lo el aprendizaje nos brindar\u00e1 herramientas para combatir las desigualdades y la falta de oportunidades\u201d, remarca el documento de Amsaf\u00e9.<\/p>\n\n\n\n<p><strong>Paritaria<\/strong><\/p>\n\n\n\n<p>Claro que la discusi\u00f3n salarial de los maestros de la provincia tambi\u00e9n est\u00e1 incluida en este pacto que le proponen al gobernador: \u201cCon respecto a la paritaria y a la cl\u00e1usula gatillo, vale recordar que hay una asamblea en la que votan todos los docentes de la provincia\u201d, advirti\u00f3 el secretario gremial Roque Jaimes.<br>Rosario3.com<\/p>\n\n\n\n<p><br><\/p>\n","protected":false},"excerpt":{"rendered":"<p>Amsaf\u00e9 le pide al gobierno de Perotti un \u201cpacto educativo ante la crisis\u201d<\/p>\n","protected":false},"author":1,"featured_media":24242,"comment_status":"open","ping_status":"open","sticky":false,"template":"","format":"image","meta":{"_jetpack_memberships_contains_paid_content":false,"footnotes":"","jetpack_publicize_message":"","jetpack_publicize_feature_enabled":true,"jetpack_social_post_already_shared":true,"jetpack_social_options":{"image_generator_settings":{"template":"highway","default_image_id":0,"enabled":false},"version":2}},"categories":[6,8,1,2,3],"tags":[],"class_list":["post-24241","post","type-post","status-publish","format-image","has-post-thumbnail","hentry","category-cultura-entretenimiento","category-deliberando","category-diario-armstrong","category-locales","category-region","post_format-post-format-image"],"jetpack_publicize_connections":[],"jetpack_featured_media_url":"https:\/\/armstrongyregion.com.ar\/diario\/wp-content\/uploads\/2019\/12\/clasess_jpg_1572130063_jpg_1572130063_jpg_1572130063_crop1577444123374.jpg_1756841869.jpg","jetpack_shortlink":"https:\/\/wp.me\/p62QDO-6iZ","jetpack_sharing_enabled":true,"amp_enabled":true,"_links":{"self":[{"href":"https:\/\/armstrongyregion.com.ar\/diario\/wp-json\/wp\/v2\/posts\/24241","targetHints":{"allow":["GET"]}}],"collection":[{"href":"https:\/\/armstrongyregion.com.ar\/diario\/wp-json\/wp\/v2\/posts"}],"about":[{"href":"https:\/\/armstrongyregion.com.ar\/diario\/wp-json\/wp\/v2\/types\/post"}],"author":[{"embeddable":true,"href":"https:\/\/armstrongyregion.com.ar\/diario\/wp-json\/wp\/v2\/users\/1"}],"replies":[{"embeddable":true,"href":"https:\/\/armstrongyregion.com.ar\/diario\/wp-json\/wp\/v2\/comments?post=24241"}],"version-history":[{"count":1,"href":"https:\/\/armstrongyregion.com.ar\/diario\/wp-json\/wp\/v2\/posts\/24241\/revisions"}],"predecessor-version":[{"id":24243,"href":"https:\/\/armstrongyregion.com.ar\/diario\/wp-json\/wp\/v2\/posts\/24241\/revisions\/24243"}],"wp:featuredmedia":[{"embeddable":true,"href":"https:\/\/armstrongyregion.com.ar\/diario\/wp-json\/wp\/v2\/media\/24242"}],"wp:attachment":[{"href":"https:\/\/armstrongyregion.com.ar\/diario\/wp-json\/wp\/v2\/media?parent=24241"}],"wp:term":[{"taxonomy":"category","embeddable":true,"href":"https:\/\/armstrongyregion.com.ar\/diario\/wp-json\/wp\/v2\/categories?post=24241"},{"taxonomy":"post_tag","embeddable":true,"href":"https:\/\/armstrongyregion.com.ar\/diario\/wp-json\/wp\/v2\/tags?post=24241"}],"curies":[{"name":"wp","href":"https:\/\/api.w.org\/{rel}","templated":true}]}}