{"id":24230,"date":"2019-12-26T20:55:50","date_gmt":"2019-12-26T20:55:50","guid":{"rendered":"https:\/\/armstrongyregion.com.ar\/diario\/?p=24230"},"modified":"2019-12-26T20:55:56","modified_gmt":"2019-12-26T20:55:56","slug":"presidente-de-la-region-y-su-comision-rechazaron-el-aguinaldo-y-recortaron-gastos","status":"publish","type":"post","link":"https:\/\/armstrongyregion.com.ar\/diario\/presidente-de-la-region-y-su-comision-rechazaron-el-aguinaldo-y-recortaron-gastos\/","title":{"rendered":"Presidente de la regi\u00f3n y su comisi\u00f3n rechazaron el aguinaldo y recortaron gastos"},"content":{"rendered":"\n<figure class=\"wp-block-image\"><img loading=\"lazy\" decoding=\"async\" width=\"768\" height=\"493\" src=\"http:\/\/armstrongyregion.com.ar\/diario\/wp-content\/uploads\/2019\/12\/nahuel.jpeg\" alt=\"\" class=\"wp-image-24231\" srcset=\"https:\/\/armstrongyregion.com.ar\/diario\/wp-content\/uploads\/2019\/12\/nahuel.jpeg 768w, https:\/\/armstrongyregion.com.ar\/diario\/wp-content\/uploads\/2019\/12\/nahuel-300x193.jpeg 300w\" sizes=\"auto, (max-width: 768px) 100vw, 768px\" \/><\/figure>\n\n\n\n<h2 class=\"wp-block-heading\"><\/h2>\n\n\n\n<p>El jefe comunal de una localidad de la regi\u00f3n tom\u00f3 una decisi\u00f3n apoyado por el resto de su equipo pol\u00edtico. Ninguno de ellos cobr\u00f3 el aporte econ\u00f3mico en concepto de aguinaldo. Adem\u00e1s, decidieron terminar con los gastos para volcarlos en inversiones.<\/p>\n\n\n\n<p>Se trata de la localidad de Correa cuyo presidente comunal fue noticia d\u00edas atr\u00e1s por ser el m\u00e1s joven de la zona, Nahuel Cejas, de 25 a\u00f1os. Hoy, sus acciones lo vuelven a encontrar en el foco de atenci\u00f3n reconocido por sus vecinos.<\/p>\n\n\n\n<p>\u201cLos recursos son de todos los vecinos que pagan los impuestos. Consideramos que no puede haber gastos, una cosa es inversi\u00f3n en salud, en educaci\u00f3n, cultura, obras publicas, en lo social sin hacer clientelismo, yo creo que los recursos tienen que estar puestos all\u00ed, en lo que es esencial para que una comunidad mejore, y no en un gasto\u201d, detall\u00f3.<\/p>\n\n\n\n<p>En relaci\u00f3n al aguinaldo que decidi\u00f3 no cobrar junto a su comisi\u00f3n, indic\u00f3: \u201cNuestro gabinete no est\u00e1 con un contrato, cobra sus honorarios y cada uno se paga su obra social y su aporte jubilatorio y muchos de ellos cobran por debajo de lo que cobra un empleado que reci\u00e9n inicia\u201d.<\/p>\n\n\n\n<p>Cejas indic\u00f3 que fue una medida sugerida por \u00e9l y acatada por todos entendiendo que las prioridades son destinar esos fondos a educaci\u00f3n, sostener el SAMCo, espacios p\u00fablicos, cultura gratuita, entre otros. \u201cInvertir en hacer un pueblo mejor. Yo creo que eso lo entendemos todos, el presidente, la comisi\u00f3n y tambi\u00e9n todo el personal de gabinete\u201d.<\/p>\n\n\n\n<p>En relaci\u00f3n al gabinete, expuso: \u201cLe dedican hasta 12 o 14 horas por d\u00eda porque est\u00e1n full time al lado m\u00edo y sin embargo cobran menos que un empleado comunal. Esto parece que esta fuera de la l\u00f3gica pero es entender que vinimos a administrar los recursos de todos los vecinos y eso no nos da derecho a que nosotros hagamos lo que queremos sin pensar que usamos la plata de los vecinos\u201d.<\/p>\n\n\n\n<p>Sin embargo, no es la \u00fanica medida tomada ya que en s\u00f3lo 16 d\u00edas de gesti\u00f3n se recort\u00f3 el 65% de gastos en celulares, 68% en telefon\u00eda fija, gastos de librer\u00eda, compra de diarios, comisiones, agua privada, entre otras.<\/p>\n\n\n\n<p>\u201cEntre todos hemos tomado decisiones como por ejemplo que ninguna compra que haga la comuna se haga sin la autorizaci\u00f3n de presidente y tesorero. No compramos m\u00e1s en cafeter\u00eda ni para los empleados ni para el gabinete ni para el presidente, cada uno se lleva lo que quiera consumir.<br>Cuando uno quiere comodidad lo tiene que pagar con su recurso, no con el de los vecinos. Son cuestiones que parecen insignificantes pero cuando analizamos y ponemos en consideraci\u00f3n la suma de todos los gastos, al estado le representa\u201d, asegur\u00f3.<\/p>\n\n\n\n<p>A su vez, reconoci\u00f3 que lo sorprendi\u00f3 el acompa\u00f1amiento de los vecinos. \u201cEsas medidas y m\u00e1s las tomamos en base a que tenemos las convicciones de que el estado no puede gastar, tiene que invertir. Estamos para cuidar los recursos de la comunidad, no lo pensamos como un hecho pol\u00edtico, estamos convencidos que deb\u00edamos hacerlo. Los vecinos nos felicitan\u201d, agreg\u00f3.<\/p>\n\n\n\n<p>Debido a las medidas adoptadas, en un pueblo como correa de entre 6 mil y 7 mil habitantes, el ahorro es considerable ya que indico: \u201cNos representa una reducci\u00f3n de gastos de entre 350 y 400 mil pesos mensuales, imag\u00ednense en una comuna de m\u00e1s habitantes o en el estado provincial y nacional\u201d.<\/p>\n\n\n\n<p>\u201cSi pretendemos tener una sociedad mejor, tenemos que empezar por casa y en ese caso nuestra casa en la comuna. Imag\u00ednense si el estado entiende que antes de aumentar los impuestos al pueblo para seguir sosteniendo gastos, se plantea reducir los gastos, estar\u00edamos mucho mejor como comunidad. Ese es el desaf\u00edo, entender que el costo de una crisis no la tiene que pagar el pueblo, la tenemos que pagar los pol\u00edticos. Agradezco a mi equipo de gesti\u00f3n, lo hacemos entre todos\u201d, concluy\u00f3.<\/p>\n\n\n\n<p>Fuente: Info Mas.<br><\/p>\n\n\n\n<p><\/p>\n","protected":false},"excerpt":{"rendered":"<p>Presidente de la regi\u00f3n y su comisi\u00f3n rechazaron el aguinaldo y recortaron gastos<\/p>\n","protected":false},"author":1,"featured_media":24231,"comment_status":"open","ping_status":"open","sticky":false,"template":"","format":"image","meta":{"_jetpack_memberships_contains_paid_content":false,"footnotes":"","jetpack_publicize_message":"","jetpack_publicize_feature_enabled":true,"jetpack_social_post_already_shared":true,"jetpack_social_options":{"image_generator_settings":{"template":"highway","default_image_id":0,"enabled":false},"version":2}},"categories":[8,1,7,3],"tags":[],"class_list":["post-24230","post","type-post","status-publish","format-image","has-post-thumbnail","hentry","category-deliberando","category-diario-armstrong","category-politica","category-region","post_format-post-format-image"],"jetpack_publicize_connections":[],"jetpack_featured_media_url":"https:\/\/armstrongyregion.com.ar\/diario\/wp-content\/uploads\/2019\/12\/nahuel.jpeg","jetpack_shortlink":"https:\/\/wp.me\/p62QDO-6iO","jetpack_sharing_enabled":true,"amp_enabled":true,"_links":{"self":[{"href":"https:\/\/armstrongyregion.com.ar\/diario\/wp-json\/wp\/v2\/posts\/24230","targetHints":{"allow":["GET"]}}],"collection":[{"href":"https:\/\/armstrongyregion.com.ar\/diario\/wp-json\/wp\/v2\/posts"}],"about":[{"href":"https:\/\/armstrongyregion.com.ar\/diario\/wp-json\/wp\/v2\/types\/post"}],"author":[{"embeddable":true,"href":"https:\/\/armstrongyregion.com.ar\/diario\/wp-json\/wp\/v2\/users\/1"}],"replies":[{"embeddable":true,"href":"https:\/\/armstrongyregion.com.ar\/diario\/wp-json\/wp\/v2\/comments?post=24230"}],"version-history":[{"count":1,"href":"https:\/\/armstrongyregion.com.ar\/diario\/wp-json\/wp\/v2\/posts\/24230\/revisions"}],"predecessor-version":[{"id":24232,"href":"https:\/\/armstrongyregion.com.ar\/diario\/wp-json\/wp\/v2\/posts\/24230\/revisions\/24232"}],"wp:featuredmedia":[{"embeddable":true,"href":"https:\/\/armstrongyregion.com.ar\/diario\/wp-json\/wp\/v2\/media\/24231"}],"wp:attachment":[{"href":"https:\/\/armstrongyregion.com.ar\/diario\/wp-json\/wp\/v2\/media?parent=24230"}],"wp:term":[{"taxonomy":"category","embeddable":true,"href":"https:\/\/armstrongyregion.com.ar\/diario\/wp-json\/wp\/v2\/categories?post=24230"},{"taxonomy":"post_tag","embeddable":true,"href":"https:\/\/armstrongyregion.com.ar\/diario\/wp-json\/wp\/v2\/tags?post=24230"}],"curies":[{"name":"wp","href":"https:\/\/api.w.org\/{rel}","templated":true}]}}