{"id":24215,"date":"2019-12-25T15:51:26","date_gmt":"2019-12-25T15:51:26","guid":{"rendered":"https:\/\/armstrongyregion.com.ar\/diario\/?p=24215"},"modified":"2019-12-25T15:52:39","modified_gmt":"2019-12-25T15:52:39","slug":"rasetto-recorrio-avances-en-la-obra-del-sum-de-america","status":"publish","type":"post","link":"https:\/\/armstrongyregion.com.ar\/diario\/rasetto-recorrio-avances-en-la-obra-del-sum-de-america\/","title":{"rendered":"Rasetto recorri\u00f3 avances en la obra del SUM de Am\u00e9rica."},"content":{"rendered":"\n<figure class=\"wp-block-image\"><img loading=\"lazy\" decoding=\"async\" width=\"768\" height=\"543\" src=\"http:\/\/armstrongyregion.com.ar\/diario\/wp-content\/uploads\/2019\/12\/20191217_193111.jpg\" alt=\"\" class=\"wp-image-24216\" srcset=\"https:\/\/armstrongyregion.com.ar\/diario\/wp-content\/uploads\/2019\/12\/20191217_193111.jpg 768w, https:\/\/armstrongyregion.com.ar\/diario\/wp-content\/uploads\/2019\/12\/20191217_193111-300x212.jpg 300w\" sizes=\"auto, (max-width: 768px) 100vw, 768px\" \/><\/figure>\n\n\n\n<h2 class=\"wp-block-heading\"><\/h2>\n\n\n\n<p>El Senador Hugo Jes\u00fas Rasetto,\njunto a directivos del Club Atl\u00e9tico Am\u00e9rica, recorrieron avances en el nuevo sal\u00f3n\nde usos m\u00faltiples que lleva a cabo la instituci\u00f3n con aportes de la Senadur\u00eda\nde la Provincia de Santa Fe. Este mes la instituci\u00f3n recibi\u00f3 aportes por\n$37.000 que ser\u00e1n destinados a la instalaci\u00f3n el\u00e9ctrica.<\/p>\n\n\n\n<p>Esta obra, es parte\ndel constante acompa\u00f1amiento del Senador hacia las instituciones del\ndepartamento, con las cuales se trabaja en conjunto para seguir creciendo y\nmirando al futuro.<\/p>\n\n\n\n<p><\/p>\n","protected":false},"excerpt":{"rendered":"<p>Rasetto recorri\u00f3 avances en la obra del SUM de Am\u00e9rica.<\/p>\n","protected":false},"author":1,"featured_media":24216,"comment_status":"open","ping_status":"open","sticky":false,"template":"","format":"image","meta":{"_jetpack_memberships_contains_paid_content":false,"footnotes":"","jetpack_publicize_message":"","jetpack_publicize_feature_enabled":true,"jetpack_social_post_already_shared":true,"jetpack_social_options":{"image_generator_settings":{"template":"highway","default_image_id":0,"enabled":false},"version":2}},"categories":[8,1,7,3],"tags":[],"class_list":["post-24215","post","type-post","status-publish","format-image","has-post-thumbnail","hentry","category-deliberando","category-diario-armstrong","category-politica","category-region","post_format-post-format-image"],"jetpack_publicize_connections":[],"jetpack_featured_media_url":"https:\/\/armstrongyregion.com.ar\/diario\/wp-content\/uploads\/2019\/12\/20191217_193111.jpg","jetpack_shortlink":"https:\/\/wp.me\/p62QDO-6iz","jetpack_sharing_enabled":true,"amp_enabled":true,"_links":{"self":[{"href":"https:\/\/armstrongyregion.com.ar\/diario\/wp-json\/wp\/v2\/posts\/24215","targetHints":{"allow":["GET"]}}],"collection":[{"href":"https:\/\/armstrongyregion.com.ar\/diario\/wp-json\/wp\/v2\/posts"}],"about":[{"href":"https:\/\/armstrongyregion.com.ar\/diario\/wp-json\/wp\/v2\/types\/post"}],"author":[{"embeddable":true,"href":"https:\/\/armstrongyregion.com.ar\/diario\/wp-json\/wp\/v2\/users\/1"}],"replies":[{"embeddable":true,"href":"https:\/\/armstrongyregion.com.ar\/diario\/wp-json\/wp\/v2\/comments?post=24215"}],"version-history":[{"count":1,"href":"https:\/\/armstrongyregion.com.ar\/diario\/wp-json\/wp\/v2\/posts\/24215\/revisions"}],"predecessor-version":[{"id":24217,"href":"https:\/\/armstrongyregion.com.ar\/diario\/wp-json\/wp\/v2\/posts\/24215\/revisions\/24217"}],"wp:featuredmedia":[{"embeddable":true,"href":"https:\/\/armstrongyregion.com.ar\/diario\/wp-json\/wp\/v2\/media\/24216"}],"wp:attachment":[{"href":"https:\/\/armstrongyregion.com.ar\/diario\/wp-json\/wp\/v2\/media?parent=24215"}],"wp:term":[{"taxonomy":"category","embeddable":true,"href":"https:\/\/armstrongyregion.com.ar\/diario\/wp-json\/wp\/v2\/categories?post=24215"},{"taxonomy":"post_tag","embeddable":true,"href":"https:\/\/armstrongyregion.com.ar\/diario\/wp-json\/wp\/v2\/tags?post=24215"}],"curies":[{"name":"wp","href":"https:\/\/api.w.org\/{rel}","templated":true}]}}