{"id":24212,"date":"2019-12-25T15:34:05","date_gmt":"2019-12-25T15:34:05","guid":{"rendered":"https:\/\/armstrongyregion.com.ar\/diario\/?p=24212"},"modified":"2019-12-25T15:34:12","modified_gmt":"2019-12-25T15:34:12","slug":"que-significa-la-navidad-sus-simbolos-y-por-que-se-eligio-el-25-de-diciembre","status":"publish","type":"post","link":"https:\/\/armstrongyregion.com.ar\/diario\/que-significa-la-navidad-sus-simbolos-y-por-que-se-eligio-el-25-de-diciembre\/","title":{"rendered":"\u00bfQu\u00e9 significa la Navidad, sus s\u00edmbolos y por qu\u00e9 se eligi\u00f3 el 25 de diciembre?"},"content":{"rendered":"\n<figure class=\"wp-block-image\"><img loading=\"lazy\" decoding=\"async\" width=\"768\" height=\"485\" src=\"http:\/\/armstrongyregion.com.ar\/diario\/wp-content\/uploads\/2019\/12\/navidad.jpg\" alt=\"\" class=\"wp-image-24213\" srcset=\"https:\/\/armstrongyregion.com.ar\/diario\/wp-content\/uploads\/2019\/12\/navidad.jpg 768w, https:\/\/armstrongyregion.com.ar\/diario\/wp-content\/uploads\/2019\/12\/navidad-300x189.jpg 300w\" sizes=\"auto, (max-width: 768px) 100vw, 768px\" \/><\/figure>\n\n\n\n<h2 class=\"wp-block-heading\"><\/h2>\n\n\n\n<p>En Occidente, se considera que el 25 de diciembre, el D\u00eda de Navidad seg\u00fan la religi\u00f3n cristiana , coincide con el nacimiento de Jes\u00fas de Nazaret en Bel\u00e9n. En efecto, el t\u00e9rmino \u00abNavidad\u00bb proviene del lat\u00edn \u00abnativitas\u00bb, cuyo significado es \u00abnacimiento\u00bb. La fecha en la que Cristo lleg\u00f3 a este mundo, sin embargo, permanece como un enigma, ya que no se encuentra registrada en La Biblia ni tampoco pudo ser comprobada por otras v\u00edas.<\/p>\n\n\n\n<p>A partir de esta incertidumbre, se han hecho muchas conjeturas respecto al origen de la Navidad como tradici\u00f3n. No es celebrada por todas las personas que creen en la existencia de Jes\u00fas; los testigos de Jehov\u00e1, por ejemplo, no adhieren a esta festividad ya que consideran que no hay pruebas que respalden el d\u00eda del natalicio, adem\u00e1s de que interpretan que Cristo encomend\u00f3 a sus seguidores solo recordar su muerte. Argumentan, como muchos otros, que esta supuesta conmemoraci\u00f3n tiene una ra\u00edz pagana y que fue definida por hombres que vivieron m\u00e1s de dos siglos despu\u00e9s que el \u00faltimo de los ap\u00f3stoles.<\/p>\n\n\n\n<p><strong>Pesebre<\/strong><\/p>\n\n\n\n<p>La palabra viene del hebreo y significa comedero, establo. A final del siglo II ya exist\u00edan representaciones del pesebre. Al principio se pintaban en las catacumbas de Roma.<\/p>\n\n\n\n<div class=\"wp-block-image\"><figure class=\"aligncenter\"><img decoding=\"async\" src=\"https:\/\/www.misionesonline.news\/wp-content\/uploads\/2019\/12\/24093257\/Screenshot_192.jpg\" alt=\"\" class=\"wp-image-1000000295122\"\/><\/figure><\/div>\n\n\n\n<p><strong>Buey y Burro<\/strong><\/p>\n\n\n\n<p>Esta representaci\u00f3n que nos llega de los escritos ap\u00f3crifos (obra cuya autenticidad no fue probada), es una bella leyenda de los primeros tiempos del cristianismo. Ninguno de los textos del Evangelio hablan de la presencia de estos animales. Ser\u00eda una reminiscencia del texto del profeta Habacuc, que dice que \u201cel Mes\u00edas se manifestar\u00e1 entre los animales\u201d.<\/p>\n\n\n\n<div class=\"wp-block-image\"><figure class=\"aligncenter\"><img decoding=\"async\" src=\"https:\/\/www.misionesonline.news\/wp-content\/uploads\/2019\/12\/24093324\/Screenshot_181.jpg\" alt=\"\" class=\"wp-image-1000000295123\"\/><\/figure><\/div>\n\n\n\n<p><strong>\u00c1ngeles cantores<\/strong><\/p>\n\n\n\n<p>Los \u00e1ngeles cantores anuncian una buena noticia: \u201cGloria en el cielo y paz en la tierra a los hombres de buena voluntad\u201d. Los \u00e1ngeles, es decir, los mensajeros, llegan del cielo para confirmar el nacimiento del Hijo de Dios. Los \u00e1ngeles en la tradici\u00f3n cristiana natalicia son representados con trazos infantiles, como se\u00f1al de inocencia y pureza.<\/p>\n\n\n\n<div class=\"wp-block-image\"><figure class=\"aligncenter\"><img decoding=\"async\" src=\"https:\/\/www.misionesonline.news\/wp-content\/uploads\/2019\/12\/24093450\/Screenshot_202.jpg\" alt=\"\" class=\"wp-image-1000000295124\"\/><\/figure><\/div>\n\n\n\n<p><strong>Estrella<\/strong><\/p>\n\n\n\n<p>La estrella tiene 4 puntas y una cola luminosa. Las 4 puntas representan las 4 direcciones de la tierra: norte, sur, este y oeste, de donde vienen los hombres para adorar la gran luz que es el Hijo de Dios, adem\u00e1s de recordar que \u00c9l vino por todos.<\/p>\n\n\n\n<div class=\"wp-block-image\"><figure class=\"aligncenter\"><img decoding=\"async\" src=\"https:\/\/www.misionesonline.news\/wp-content\/uploads\/2019\/12\/24093953\/estrella-belen-plasencia-1440x808.jpg\" alt=\"\" class=\"wp-image-1000000295131\"\/><\/figure><\/div>\n\n\n\n<p><strong>Los tres reyes magos<\/strong><\/p>\n\n\n\n<p>El Evangelio de Mateos es el \u00fanico que relata la venida de los sabios de Oriente. En el siglo V, Or\u00edgenes y San Le\u00f3n Magno propusieron llamarlos reyes magos. En el siglo VII obtuvieron nombres populares Baltazar (derivaci\u00f3n de Baal-Shur-Usur-Baal, que protege la vida del rey), Melchor y Gaspar. Ellos llevan oro, incienso y mirra al ni\u00f1o rey, Dios y Salvador. En el siglo XV, se les atribuyeron etnias: Melchor de raza blanca, Gaspar, amarillo y Baltazar, negro, para simbolizar el conjunto de la humanidad que ve y conoce al Salvador.<\/p>\n\n\n\n<div class=\"wp-block-image\"><figure class=\"aligncenter\"><img decoding=\"async\" src=\"https:\/\/www.misionesonline.news\/wp-content\/uploads\/2019\/12\/24094112\/reyes-magos.jpg\" alt=\"\" class=\"wp-image-1000000295133\"\/><\/figure><\/div>\n\n\n\n<p><strong>\u00c1rbol de Navidad<\/strong><\/p>\n\n\n\n<p>La tradici\u00f3n naci\u00f3 en la Edad Media, de base cristiana, y re\u00fane dos s\u00edmbolos religiosos: la luz y la vida. Las piezas religiosas eran representadas con gran \u00e9xito popular en las iglesias, haciendo siempre alusi\u00f3n al para\u00edso, representado pl\u00e1sticamente por un \u00e1rbol cargado de frutos. Este \u00e1rbol del para\u00edso qued\u00f3 como uno de los s\u00edmbolos de las fiestas de Navidad celebradas a partir del siglo XI. El \u00e1rbol de navidad actual apareci\u00f3 en Alsacia en el siglo XVI y en el siglo siguiente se propag\u00f3 el h\u00e1bito de iluminarlo con velas. En 1912, en Boston, Estados Unidos, se inaugur\u00f3 un \u00e1rbol iluminado en una de las plazas centrales de la ciudad, y eso se expandi\u00f3 por todo el planeta, incluso en los pa\u00edses no cristianos. El \u00e1rbol de navidad muestra que incluso en el invierno m\u00e1s duro, el verde de sus ramas resiste y las manzanas siguen sabrosas y comestibles incluso despu\u00e9s de la llegada de la nueva y ruda estaci\u00f3n con la nieve y las constantes heladas. Las manzanas, hoy esferas rojas, atadas a las ramas del \u00e1rbol son distintas se\u00f1ales de vida. Muchos ponen sobre el \u00e1rbol frutos secos y cristalizados para mostrar el otro lado de la vida. Solamente a partir del siglo XX, comenzamos a usar el \u00e1rbol como s\u00edmbolo de los vegetales que jam\u00e1s pierden sus hojas frente a la dureza del invierno del hemisferio norte.<\/p>\n\n\n\n<div class=\"wp-block-image\"><figure class=\"aligncenter\"><img decoding=\"async\" src=\"https:\/\/www.misionesonline.news\/wp-content\/uploads\/2019\/12\/24094226\/Screenshot_213.jpg\" alt=\"\" class=\"wp-image-1000000295135\"\/><\/figure><\/div>\n\n\n\n<p><strong>Velas<\/strong><\/p>\n\n\n\n<p>Encender velas nos remite a la fiesta jud\u00eda de J\u00e1nuca, que celebra la recuperaci\u00f3n de la ciudad de Jerusal\u00e9n por los hermanos macabeos de manos de los griegos. En la llama de la vela est\u00e1n presentes todas las fuerzas de la naturaleza. La vela encendida es s\u00edmbolo de individuaci\u00f3n y nuestros a\u00f1os vividos. Muchas velas, muchos a\u00f1os. Y un soplo puede apagarlas para que de nuevo podamos reencenderlas al a\u00f1o siguiente. Para los cristianos, las velas simbolizan la fe y el amor consumido en favor de la causa del Reino de Dios. Las velas son como vidas entregadas para vivir.<\/p>\n\n\n\n<div class=\"wp-block-image\"><figure class=\"aligncenter\"><img decoding=\"async\" src=\"https:\/\/www.misionesonline.news\/wp-content\/uploads\/2019\/12\/24094308\/velas.jpg\" alt=\"\" class=\"wp-image-1000000295136\"\/><\/figure><\/div>\n\n\n\n<p><strong>Campanas natalicias<\/strong><\/p>\n\n\n\n<p>Los renos llevan campanas de anuncio y convocatoria. Las campanas simbolizan el respeto al llamado divino y evoca, cuando se encuentran colgando de las torres, todo lo que est\u00e1 suspendido entre el cielo y la tierra y, por lo tanto, son el punto de comunicaci\u00f3n entre ambos.<\/p>\n\n\n\n<div class=\"wp-block-image\"><figure class=\"aligncenter\"><img decoding=\"async\" src=\"https:\/\/www.misionesonline.news\/wp-content\/uploads\/2019\/12\/24094410\/Screenshot_221.jpg\" alt=\"\" class=\"wp-image-1000000295137\"\/><\/figure><\/div>\n\n\n\n<p><strong>Nieve<\/strong><\/p>\n\n\n\n<p>El toque m\u00e1gico de la Navidad viene con la blancura y el fr\u00edo de la nieve en el hemisferio norte que exige de las personas resguardo de las calles y pasar m\u00e1s tiempo en sus casas.<\/p>\n\n\n\n<div class=\"wp-block-image\"><figure class=\"aligncenter\"><img decoding=\"async\" src=\"https:\/\/www.misionesonline.news\/wp-content\/uploads\/2019\/12\/24095007\/Screenshot_231.jpg\" alt=\"\" class=\"wp-image-1000000295138\"\/><\/figure><\/div>\n\n\n\n<p><strong>Tarjetas, regalos y cena de navidad<\/strong><\/p>\n\n\n\n<p>La cena nos recuerda el acto de amor de Jes\u00fas. Recuerda tambi\u00e9n nuestro origen jud\u00edo en cuanto religi\u00f3n que celebra la fe alrededor de una mesa familiar.<\/p>\n\n\n\n<div class=\"wp-block-image\"><figure class=\"aligncenter\"><img decoding=\"async\" src=\"https:\/\/www.misionesonline.news\/wp-content\/uploads\/2019\/12\/24095220\/Screenshot_241.jpg\" alt=\"\" class=\"wp-image-1000000295139\"\/><\/figure><\/div>\n\n\n\n<p><strong>Pap\u00e1 Noel<\/strong><\/p>\n\n\n\n<p>San Nicol\u00e1s, llamado Santa Claus, fue obispo de Mira, en Licia antigua, al suroeste de Asia Menor, de la actual Turqu\u00eda. Durante el siglo IV, este hombre de fuerte fe fue transformado legendariamente en este pap\u00e1 universal y proveniente que ofrece a los ni\u00f1os regalos, juguetes y cari\u00f1o por parte de la tercera edad. El actual Papa Noel, con ropa roja y saco a cuestas, naci\u00f3 en Estados Unidos a mitad del siglo XIX, como un San Nicol\u00e1s transformado en gnomo o duende y, luego enseguida fue transformado en un simp\u00e1tico viejito. \u00c9l fue introducido en Europa despu\u00e9s de la Primera Guerra Mundial y se impuso poco a poco por la presi\u00f3n comercial de aquellos que quer\u00edan festejar la Navidad sin referencias religiosas.<\/p>\n\n\n\n<div class=\"wp-block-image\"><figure class=\"aligncenter\"><img decoding=\"async\" src=\"https:\/\/www.misionesonline.news\/wp-content\/uploads\/2019\/12\/24095335\/ciencia-papa-noel_0.jpg\" alt=\"\" class=\"wp-image-1000000295140\"\/><\/figure><\/div>\n\n\n\n<p><strong>La elecci\u00f3n del 25 de diciembre<\/strong><\/p>\n\n\n\n<p>Una explicaci\u00f3n muy difundida se remonta a los tiempos de los romanos. El 25 de diciembre culminaban las celebraciones dedicadas a Saturno -dios pagano de la agricultura- con la fiesta del Sol Invicto, \u00edntimamente ligada a la llegada del solsticio de invierno. Hay quienes sostienen que la Iglesia cat\u00f3lica adapt\u00f3 la simbolog\u00eda detr\u00e1s de este \u00absol victorioso\u00bb a su propia perspectiva sobre Cristo. \u00abA los cristianos les pareci\u00f3 l\u00f3gico y natural sustituir esa fiesta con la celebraci\u00f3n del \u00fanico y verdadero Sol, Jesucristo, que vino al mundo para traer a los hombres la luz de la verdad\u00bb, expres\u00f3 Juan Pablo II en la audiencia general del 22 de diciembre de 1993.<\/p>\n\n\n\n<p>En el tercer tomo de la Nueva Enciclopedia Cat\u00f3lica, publicada en 1967, se rastrea el mismo origen para la Navidad y se agrega que la Iglesia reformul\u00f3 la efem\u00e9ride en el tercer siglo despu\u00e9s de Cristo para permitir la conversi\u00f3n de los pueblos paganos.<\/p>\n\n\n\n<p>Diferentes fuentes se\u00f1alan, adem\u00e1s, que desde la d\u00e9cada del 330 d.C. con el Papa Julio I ya se honraba el nacimiento de Jes\u00fas cada 25 de diciembre en Roma, y que en el 529 el emperador Justiniano declar\u00f3 la fecha como festividad oficial del Imperio.<\/p>\n\n\n\n<p><\/p>\n","protected":false},"excerpt":{"rendered":"<p>\u00bfQu\u00e9 significa la Navidad, sus s\u00edmbolos y por qu\u00e9 se eligi\u00f3 el 25 de diciembre?<\/p>\n","protected":false},"author":1,"featured_media":24213,"comment_status":"open","ping_status":"open","sticky":false,"template":"","format":"image","meta":{"_jetpack_memberships_contains_paid_content":false,"footnotes":"","jetpack_publicize_message":"","jetpack_publicize_feature_enabled":true,"jetpack_social_post_already_shared":true,"jetpack_social_options":{"image_generator_settings":{"template":"highway","default_image_id":0,"enabled":false},"version":2}},"categories":[6,8,1,2,3],"tags":[],"class_list":["post-24212","post","type-post","status-publish","format-image","has-post-thumbnail","hentry","category-cultura-entretenimiento","category-deliberando","category-diario-armstrong","category-locales","category-region","post_format-post-format-image"],"jetpack_publicize_connections":[],"jetpack_featured_media_url":"https:\/\/armstrongyregion.com.ar\/diario\/wp-content\/uploads\/2019\/12\/navidad.jpg","jetpack_shortlink":"https:\/\/wp.me\/p62QDO-6iw","jetpack_sharing_enabled":true,"amp_enabled":true,"_links":{"self":[{"href":"https:\/\/armstrongyregion.com.ar\/diario\/wp-json\/wp\/v2\/posts\/24212","targetHints":{"allow":["GET"]}}],"collection":[{"href":"https:\/\/armstrongyregion.com.ar\/diario\/wp-json\/wp\/v2\/posts"}],"about":[{"href":"https:\/\/armstrongyregion.com.ar\/diario\/wp-json\/wp\/v2\/types\/post"}],"author":[{"embeddable":true,"href":"https:\/\/armstrongyregion.com.ar\/diario\/wp-json\/wp\/v2\/users\/1"}],"replies":[{"embeddable":true,"href":"https:\/\/armstrongyregion.com.ar\/diario\/wp-json\/wp\/v2\/comments?post=24212"}],"version-history":[{"count":1,"href":"https:\/\/armstrongyregion.com.ar\/diario\/wp-json\/wp\/v2\/posts\/24212\/revisions"}],"predecessor-version":[{"id":24214,"href":"https:\/\/armstrongyregion.com.ar\/diario\/wp-json\/wp\/v2\/posts\/24212\/revisions\/24214"}],"wp:featuredmedia":[{"embeddable":true,"href":"https:\/\/armstrongyregion.com.ar\/diario\/wp-json\/wp\/v2\/media\/24213"}],"wp:attachment":[{"href":"https:\/\/armstrongyregion.com.ar\/diario\/wp-json\/wp\/v2\/media?parent=24212"}],"wp:term":[{"taxonomy":"category","embeddable":true,"href":"https:\/\/armstrongyregion.com.ar\/diario\/wp-json\/wp\/v2\/categories?post=24212"},{"taxonomy":"post_tag","embeddable":true,"href":"https:\/\/armstrongyregion.com.ar\/diario\/wp-json\/wp\/v2\/tags?post=24212"}],"curies":[{"name":"wp","href":"https:\/\/api.w.org\/{rel}","templated":true}]}}