{"id":2416,"date":"2015-05-30T13:17:06","date_gmt":"2015-05-30T13:17:06","guid":{"rendered":"https:\/\/armstrongyregion.com.ar\/diario\/?p=2416"},"modified":"2015-05-30T13:17:06","modified_gmt":"2015-05-30T13:17:06","slug":"fumar-es-un-placer-por-elizabeth-santangelo","status":"publish","type":"post","link":"https:\/\/armstrongyregion.com.ar\/diario\/fumar-es-un-placer-por-elizabeth-santangelo\/","title":{"rendered":"Fumar \u00bfes un placer?. Por Elizabeth Sant\u00e1ngelo."},"content":{"rendered":"<p><a href=\"http:\/\/armstrongyregion.com.ar\/diario\/wp-content\/uploads\/2015\/05\/No-al-cigarrillo.jpg\"><img loading=\"lazy\" decoding=\"async\" class=\"alignnone size-medium wp-image-2417\" src=\"http:\/\/armstrongyregion.com.ar\/diario\/wp-content\/uploads\/2015\/05\/No-al-cigarrillo-300x148.jpg\" alt=\"No al cigarrillo\" width=\"300\" height=\"148\" srcset=\"https:\/\/armstrongyregion.com.ar\/diario\/wp-content\/uploads\/2015\/05\/No-al-cigarrillo-300x148.jpg 300w, https:\/\/armstrongyregion.com.ar\/diario\/wp-content\/uploads\/2015\/05\/No-al-cigarrillo.jpg 319w\" sizes=\"auto, (max-width: 300px) 100vw, 300px\" \/><\/a>\u00bfPuedes imaginar c\u00f3mo ser\u00eda el mundo sin tabaco? \u00bfC\u00f3mo vivir\u00edan las personas sin esa adicci\u00f3n?<br \/>\nCada a\u00f1o la OMS (Organizaci\u00f3n Mundial de la Salud) y asociados de todo el mundo celebran el D\u00eda Mundial Sin Tabaco (31de mayo), dedicado a resaltar los riesgos para la salud en relaci\u00f3n al consumo de tabaco y promover pol\u00edticas eficaces para reducir ese consumo. El consumo del tabaco es la principal causa prevenible de defunci\u00f3n en el mundo, y actualmente mata a uno de cada 10 adultos en todo el mundo.<br \/>\nLo bueno del D\u00eda Mundial Sin Tabaco es que se hace promoci\u00f3n y patrocinio de la abstinencia al tabaco. Las estad\u00edsticas muestran que prohibir la publicidad de cigarrillos y prohibir que empresas de tabaco patrocinen eventos o deportes es una de las medidas m\u00e1s eficaces para reducir la demanda de tabaco y constituye por tanto una de las \u201cmejores inversiones\u201d para combatirlo.<br \/>\nUnido a esta campa\u00f1a tan importante para el ecosistema tambi\u00e9n la Alianza Libre de Humo de Tabaco Argentina ALIAR \u201creconoci\u00f3 la importancia de que la poblaci\u00f3n tome conciencia acerca de los graves da\u00f1os para la salud que ocasiona la exposici\u00f3n al humo de tabaco ajeno en los lugares cerrados y se impulsen legislaciones de ambientes 100% libres de humo de tabaco. Es evidente y existe un consenso generalizado acerca de la gravedad de la contaminaci\u00f3n del aire producida por f\u00e1bricas o industrias. Sin embargo, en el D\u00eda Mundial del Aire Puro, es necesario llamar la atenci\u00f3n sobre la incidencia en la salud p\u00fablica de la contaminaci\u00f3n ambiental de espacios interiores con humo de tabaco\u201d<br \/>\n\u00bfC\u00f3mo es posible tomar conciencia de estas demandas y exigencias?<br \/>\nLa obediencia en estos casos se puede tomar como una actitud cooperativa y beneficiosa para la sociedad.<br \/>\nLo vemos que ha sido acatado con aprobaci\u00f3n cuando se determin\u00f3 que en lugares cerrados no se contaminara el aire con el humo del cigarrillo, y de hecho hay una disponibilidad tanto en restaurantes como bares, dejar un espacio para \u201cno fumadores\u201d.<br \/>\nYendo a la ra\u00edz del problema, es natural tener conciencia de lo que puede beneficiar a la poblaci\u00f3n y lo que puede perjudicarla, y saber que la tendencia a caer en una adicci\u00f3n no es lo natural ni lo deseable para mantener la salud y el bienestar.<br \/>\nRecuerdo que mi hijo, hace unos a\u00f1os, estaba bajo la presi\u00f3n de querer dejar el cigarrillo y cuanto m\u00e1s se esforzaba, con mayor celeridad fumaba.<br \/>\nHasta que un d\u00eda se dio cuenta que su salud estaba afectada, con tos bronquial, problemas respiratorios y una tensi\u00f3n nerviosa que \u00e9l mismo no pod\u00eda superarla.<br \/>\nUn d\u00eda le pregunt\u00e9 qu\u00e9 era lo que lo hac\u00eda fumar, y me dio algunas razones, como por ejemplo, que cuando se encontraba en alguna reuni\u00f3n, no quer\u00eda quedar siendo el \u00fanico sin fumar, que le proporcionaba cierto dominio, venciendo en apariencia la timidez, o bien que lo hac\u00eda sentir acompa\u00f1ado.<br \/>\nEntonces, de esa conversaci\u00f3n, hice una s\u00edntesis:<br \/>\nFacilitarle el dominio &#8211; Ayudar a vencer la timidez &#8211; Sentirse acompa\u00f1ado.<br \/>\n\u00bfNo eran estas condiciones internas que ten\u00eda que vencer por s\u00ed mismo y no atribuirlas a ning\u00fan apoyo como el cigarrillo?<br \/>\nFue ah\u00ed que \u00e9l comprendi\u00f3 que todo estaba dentro de su pensamiento y que ajust\u00e1ndolo desde ah\u00ed, podr\u00eda liberarse de la adicci\u00f3n del cigarrillo.<br \/>\nFue importante afirmar que esa falta de dominio, la timidez y la soledad pod\u00edan ser reconocidas como el opuesto a su naturaleza espiritual y que por lo tanto, no le pertenec\u00edan.<br \/>\nEntonces la respuesta fue que, casi sin darse cuenta, la apetencia hacia el cigarrillo hab\u00eda sido vencida completamente. Y se sinti\u00f3 libre y satisfecho.<br \/>\nYa han transcurrido algunos a\u00f1os y hoy hasta le resulta molesto tener que estar en un ambiente saturado de humo.<br \/>\nFumar, realmente no es ning\u00fan placer cuando se entiende que son muchas las desventajas para hacerlo.<br \/>\nEmpieza a comprobarlo!<br \/>\nComit\u00e9 de Publicaci\u00f3n de la Ciencia Cristiana, en Argentina, en adhesi\u00f3n a la Campa\u00f1a Mundial sin Tabaco.<br \/>\nArgentina@compub.org<br \/>\nTwitter: @elisantangelo1<\/p>\n","protected":false},"excerpt":{"rendered":"<p>\u00bfPuedes imaginar c\u00f3mo ser\u00eda el mundo sin tabaco? \u00bfC\u00f3mo vivir\u00edan las personas sin esa adicci\u00f3n? Cada a\u00f1o la OMS (Organizaci\u00f3n Mundial de la Salud) y asociados de todo el mundo celebran el D\u00eda Mundial Sin Tabaco (31de mayo), dedicado a resaltar los riesgos para la salud en relaci\u00f3n al consumo de tabaco y promover pol\u00edticas <a href=\"https:\/\/armstrongyregion.com.ar\/diario\/fumar-es-un-placer-por-elizabeth-santangelo\/\" title=\"Read more\" >&#8230;<\/a><\/p>\n","protected":false},"author":2,"featured_media":2417,"comment_status":"open","ping_status":"open","sticky":false,"template":"","format":"standard","meta":{"_jetpack_memberships_contains_paid_content":false,"footnotes":"","jetpack_publicize_message":"","jetpack_publicize_feature_enabled":true,"jetpack_social_post_already_shared":false,"jetpack_social_options":{"image_generator_settings":{"template":"highway","default_image_id":0,"enabled":false},"version":2}},"categories":[1,2,4],"tags":[122,139,1848,1849,60,123,192],"class_list":["post-2416","post","type-post","status-publish","format-standard","has-post-thumbnail","hentry","category-diario-armstrong","category-locales","category-prevencion-salud","tag-elizabeth","tag-es","tag-fumar","tag-placer","tag-por","tag-santangelo","tag-un"],"jetpack_publicize_connections":[],"jetpack_featured_media_url":"https:\/\/armstrongyregion.com.ar\/diario\/wp-content\/uploads\/2015\/05\/No-al-cigarrillo.jpg","jetpack_shortlink":"https:\/\/wp.me\/p62QDO-CY","jetpack_sharing_enabled":true,"amp_enabled":true,"_links":{"self":[{"href":"https:\/\/armstrongyregion.com.ar\/diario\/wp-json\/wp\/v2\/posts\/2416","targetHints":{"allow":["GET"]}}],"collection":[{"href":"https:\/\/armstrongyregion.com.ar\/diario\/wp-json\/wp\/v2\/posts"}],"about":[{"href":"https:\/\/armstrongyregion.com.ar\/diario\/wp-json\/wp\/v2\/types\/post"}],"author":[{"embeddable":true,"href":"https:\/\/armstrongyregion.com.ar\/diario\/wp-json\/wp\/v2\/users\/2"}],"replies":[{"embeddable":true,"href":"https:\/\/armstrongyregion.com.ar\/diario\/wp-json\/wp\/v2\/comments?post=2416"}],"version-history":[{"count":0,"href":"https:\/\/armstrongyregion.com.ar\/diario\/wp-json\/wp\/v2\/posts\/2416\/revisions"}],"wp:featuredmedia":[{"embeddable":true,"href":"https:\/\/armstrongyregion.com.ar\/diario\/wp-json\/wp\/v2\/media\/2417"}],"wp:attachment":[{"href":"https:\/\/armstrongyregion.com.ar\/diario\/wp-json\/wp\/v2\/media?parent=2416"}],"wp:term":[{"taxonomy":"category","embeddable":true,"href":"https:\/\/armstrongyregion.com.ar\/diario\/wp-json\/wp\/v2\/categories?post=2416"},{"taxonomy":"post_tag","embeddable":true,"href":"https:\/\/armstrongyregion.com.ar\/diario\/wp-json\/wp\/v2\/tags?post=2416"}],"curies":[{"name":"wp","href":"https:\/\/api.w.org\/{rel}","templated":true}]}}