{"id":24100,"date":"2019-12-16T02:34:31","date_gmt":"2019-12-16T02:34:31","guid":{"rendered":"https:\/\/armstrongyregion.com.ar\/diario\/?p=24100"},"modified":"2019-12-16T02:34:37","modified_gmt":"2019-12-16T02:34:37","slug":"en-que-consiste-la-terapia-gestalt-por-lic-maria-de-los-angeles-lavallen","status":"publish","type":"post","link":"https:\/\/armstrongyregion.com.ar\/diario\/en-que-consiste-la-terapia-gestalt-por-lic-maria-de-los-angeles-lavallen\/","title":{"rendered":"\u00bfEn qu\u00e9 consiste la terapia Gestalt? Por Lic. Maria de los Angeles Lavall\u00e9n."},"content":{"rendered":"\n<figure class=\"wp-block-image\"><img loading=\"lazy\" decoding=\"async\" width=\"768\" height=\"576\" src=\"http:\/\/armstrongyregion.com.ar\/diario\/wp-content\/uploads\/2019\/12\/Maria-Lavallen..jpg\" alt=\"\" class=\"wp-image-24101\" srcset=\"https:\/\/armstrongyregion.com.ar\/diario\/wp-content\/uploads\/2019\/12\/Maria-Lavallen..jpg 768w, https:\/\/armstrongyregion.com.ar\/diario\/wp-content\/uploads\/2019\/12\/Maria-Lavallen.-300x225.jpg 300w\" sizes=\"auto, (max-width: 768px) 100vw, 768px\" \/><\/figure>\n\n\n\n<h2 class=\"wp-block-heading\"><\/h2>\n\n\n\n<p>La terapia Gestalt nos ofrece un enfoque terap\u00e9utico muy\n\u00fatil para esos aspectos que dejan a un lado el \u00e1mbito m\u00e1s cl\u00ednico, y nos\nacercan a dimensiones como la toma de conciencia, la autorrealizaci\u00f3n o el\ndesarrollo personal\u2026 Estamos ante una perspectiva hol\u00edstica de la propia\npsicolog\u00eda que integra campos tan amplios como los afectivos, los sociales,\nsensoriales y hasta espirituales.<\/p>\n\n\n\n<p>Asimismo, cabe se\u00f1alar que nos adentramos en un interesante\nmarco que integra lo que se conoce como terapias humanistas. As\u00ed, la terapia\nGestalt, cuenta con influencias como el psicoan\u00e1lisis, la filosof\u00eda oriental ,\nel psicodrama, la filosof\u00eda existencial, las perspectivas existenciales\u2026<\/p>\n\n\n\n<p>Por otro lado, y al igual que el resto de las terapias\nhumanistas, su modo de hacer psicoterapia no se centra en la enfermedad, sino\nm\u00e1s bien en generar salud desde las potencialidades que posee la propia\npersona. Autores como el psiquiatra Fritzs Perls, la psic\u00f3loga Laura Perls y el\nsoci\u00f3logo Paul Goodman fueron los principales creadores de esta tipolog\u00eda\npsicoterap\u00e9utica<\/p>\n\n\n\n<p>El aqu\u00ed y ahora<\/p>\n\n\n\n<p>La terapia Gestalt hace un gran hincapi\u00e9 en el aqu\u00ed y ahora,\nen el momento presente. Entendiendo que todo cuanto ocurre es en el ahora,\npuesto que el pasado ya no existe y el futuro a\u00fan no es. El aqu\u00ed (espacial) y\nel ahora (temporal) son conceptos b\u00e1sicos procedentes de la filosof\u00eda oriental.<\/p>\n\n\n\n<p>Para la terapia Gestalt significa a su vez maduraci\u00f3n y\ncrecimiento, para que el individuo se haga cargo de s\u00ed mismo mediante el\nautoapoyo.<\/p>\n\n\n\n<p>La aceptaci\u00f3n<\/p>\n\n\n\n<p>Tambi\u00e9n tiene preferencia por la atenci\u00f3n y aceptaci\u00f3n de la\nexperiencia. Atender a la experiencia tiene una profunda relaci\u00f3n con el\nmomento presente. La aceptaci\u00f3n de la experiencia solo puede tener lugar\ntomando conciencia acerca de lo que se est\u00e1 viviendo.<\/p>\n\n\n\n<p>Cuando esto no ocurre se est\u00e1 reprimiendo algo, y si esa emoci\u00f3n o sentimiento se quedan atascados producen un gran malestar; lleg\u00e1ndose a manifestar de forma psicosom\u00e1tica (afectaci\u00f3n del cuerpo originado por un proceso ps\u00edquico).<\/p>\n\n\n\n<p>Lic. en Psicolog\u00eda Maria Lavallen.<\/p>\n\n\n\n<p>Programa Tv. Prevenci\u00f3n y Salud. <\/p>\n\n\n\n<p>Programa Estreno: Lunes 16 de Diciembre 13,30hs. Por Cable Imagen Armstrong.<\/p>\n\n\n\n<p>Reiteraci\u00f3n: Jueves 20hs y s\u00e1bado 12,00hs.<\/p>\n\n\n\n<p><\/p>\n","protected":false},"excerpt":{"rendered":"<p>\u00bfEn qu\u00e9 consiste la terapia Gestalt? Por Lic. Maria de los Angeles Lavall\u00e9n.<\/p>\n","protected":false},"author":1,"featured_media":24101,"comment_status":"open","ping_status":"open","sticky":false,"template":"","format":"image","meta":{"_jetpack_memberships_contains_paid_content":false,"footnotes":"","jetpack_publicize_message":"","jetpack_publicize_feature_enabled":true,"jetpack_social_post_already_shared":true,"jetpack_social_options":{"image_generator_settings":{"template":"highway","default_image_id":0,"enabled":false},"version":2}},"categories":[8,1,2,4,3],"tags":[],"class_list":["post-24100","post","type-post","status-publish","format-image","has-post-thumbnail","hentry","category-deliberando","category-diario-armstrong","category-locales","category-prevencion-salud","category-region","post_format-post-format-image"],"jetpack_publicize_connections":[],"jetpack_featured_media_url":"https:\/\/armstrongyregion.com.ar\/diario\/wp-content\/uploads\/2019\/12\/Maria-Lavallen..jpg","jetpack_shortlink":"https:\/\/wp.me\/p62QDO-6gI","jetpack_sharing_enabled":true,"amp_enabled":true,"_links":{"self":[{"href":"https:\/\/armstrongyregion.com.ar\/diario\/wp-json\/wp\/v2\/posts\/24100","targetHints":{"allow":["GET"]}}],"collection":[{"href":"https:\/\/armstrongyregion.com.ar\/diario\/wp-json\/wp\/v2\/posts"}],"about":[{"href":"https:\/\/armstrongyregion.com.ar\/diario\/wp-json\/wp\/v2\/types\/post"}],"author":[{"embeddable":true,"href":"https:\/\/armstrongyregion.com.ar\/diario\/wp-json\/wp\/v2\/users\/1"}],"replies":[{"embeddable":true,"href":"https:\/\/armstrongyregion.com.ar\/diario\/wp-json\/wp\/v2\/comments?post=24100"}],"version-history":[{"count":1,"href":"https:\/\/armstrongyregion.com.ar\/diario\/wp-json\/wp\/v2\/posts\/24100\/revisions"}],"predecessor-version":[{"id":24102,"href":"https:\/\/armstrongyregion.com.ar\/diario\/wp-json\/wp\/v2\/posts\/24100\/revisions\/24102"}],"wp:featuredmedia":[{"embeddable":true,"href":"https:\/\/armstrongyregion.com.ar\/diario\/wp-json\/wp\/v2\/media\/24101"}],"wp:attachment":[{"href":"https:\/\/armstrongyregion.com.ar\/diario\/wp-json\/wp\/v2\/media?parent=24100"}],"wp:term":[{"taxonomy":"category","embeddable":true,"href":"https:\/\/armstrongyregion.com.ar\/diario\/wp-json\/wp\/v2\/categories?post=24100"},{"taxonomy":"post_tag","embeddable":true,"href":"https:\/\/armstrongyregion.com.ar\/diario\/wp-json\/wp\/v2\/tags?post=24100"}],"curies":[{"name":"wp","href":"https:\/\/api.w.org\/{rel}","templated":true}]}}