{"id":24098,"date":"2019-12-16T02:13:55","date_gmt":"2019-12-16T02:13:55","guid":{"rendered":"https:\/\/armstrongyregion.com.ar\/diario\/?p=24098"},"modified":"2019-12-16T02:14:01","modified_gmt":"2019-12-16T02:14:01","slug":"el-gobierno-confirmo-que-habra-recargo-del-30-para-compras-en-el-exterior","status":"publish","type":"post","link":"https:\/\/armstrongyregion.com.ar\/diario\/el-gobierno-confirmo-que-habra-recargo-del-30-para-compras-en-el-exterior\/","title":{"rendered":"El gobierno confirm\u00f3 que habr\u00e1 recargo del 30% para compras en el exterior"},"content":{"rendered":"\n<figure class=\"wp-block-image\"><img loading=\"lazy\" decoding=\"async\" width=\"768\" height=\"432\" src=\"http:\/\/armstrongyregion.com.ar\/diario\/wp-content\/uploads\/2019\/03\/dolar.jpg\" alt=\"\" class=\"wp-image-20946\" srcset=\"https:\/\/armstrongyregion.com.ar\/diario\/wp-content\/uploads\/2019\/03\/dolar.jpg 768w, https:\/\/armstrongyregion.com.ar\/diario\/wp-content\/uploads\/2019\/03\/dolar-300x169.jpg 300w\" sizes=\"auto, (max-width: 768px) 100vw, 768px\" \/><\/figure>\n\n\n\n<h2 class=\"wp-block-heading\"> El jefe de Gabinete, Santiago Cafiero, adelant\u00f3 que se aplicar\u00e1 un impuesto del 30 por ciento\u00a0para las transacciones en moneda extranjera\u00a0 <\/h2>\n\n\n\n<h2 class=\"wp-block-heading\"><\/h2>\n\n\n\n<p>\n\nEl jefe de Gabinete, Santiago Cafiero, confirm\u00f3 este domingo que el gobierno nacional aplicar\u00e1 un impuesto del 30 por ciento&nbsp;para las compras en moneda extranjera que, asegur\u00f3, busca incentivar el turismo local.<\/p>\n\n\n\n<p>A su vez, aclar\u00f3 que<strong>&nbsp;no habr\u00e1 \u00abninguna restricci\u00f3n\u00bb<\/strong>&nbsp;para los que decidan viajar al exterior, pero que la medida busca \u00abrecaudar de una forma esa diferencia entre el gasto en tarjeta de cr\u00e9dito que despu\u00e9s se&nbsp;<strong>paga en pesos aqu\u00ed y los d\u00f3lares<\/strong>\u00ab.<\/p>\n\n\n\n<p>\u00abEl impuesto que se va a cobrar<strong>&nbsp;a las compras en el extranjero ser\u00e1 del 30%<\/strong>&nbsp;y esto beneficia al turismo local\u00bb, afirm\u00f3 Cafiero en una entrevista con radio Diez.<\/p>\n\n\n\n<p>Y agreg\u00f3: \u00abCon este impuesto se est\u00e1 beneficiando al turismo local que es algo que quer\u00edamos hacer porque es una actividad muy din\u00e1mica que en este momento genera empleo estacional pero es empleo al fin y es importante\u00bb.<\/p>\n\n\n\n<p>M\u00e1s all\u00e1 de la b\u00fasqueda de incentivar la actividad tur\u00edstica, el gobierno nacional pretende con esta medida&nbsp;<strong>achicar el d\u00e9ficit de la balanza de turismo del pa\u00eds<\/strong>, que este a\u00f1o rond\u00f3 los 5.000 millones de d\u00f3lares.<\/p>\n\n\n\n<p>Durante los \u00faltimos a\u00f1os del segundo mandato de Cristina Fern\u00e1ndez de Kirchner (2011-2017) el gobierno lleg\u00f3 a imponer un recargo del 35% a las compras en el exterior, sin embargo,&nbsp;<strong>se tomaba a cuenta de adelanto Impuesto a las Ganancias<\/strong>, por lo que no fue necesario una nueva ley.<\/p>\n\n\n\n<p>En este caso, el jefe de Gabinete no explic\u00f3 de qu\u00e9 manera se har\u00eda y si impulsar\u00e1n o no su tratamiento a trav\u00e9s del Congreso nacional como un nuevo impuesto.<\/p>\n\n\n\n<p>De cualquier manera, el recargo<strong>&nbsp;alcanzar\u00eda todo tipo de compras en el exterior<\/strong>, desde pasajes y hoteles, hasta servicios de suscripci\u00f3n en moneda extranjera, como Netflix o Spotify.\n\n<\/p>\n\n\n\n<p><\/p>\n","protected":false},"excerpt":{"rendered":"<p>El gobierno confirm\u00f3 que habr\u00e1 recargo del 30% para compras en el exterior<\/p>\n","protected":false},"author":1,"featured_media":20946,"comment_status":"open","ping_status":"open","sticky":false,"template":"","format":"image","meta":{"_jetpack_memberships_contains_paid_content":false,"footnotes":"","jetpack_publicize_message":"","jetpack_publicize_feature_enabled":true,"jetpack_social_post_already_shared":true,"jetpack_social_options":{"image_generator_settings":{"template":"highway","default_image_id":0,"enabled":false},"version":2}},"categories":[8,1,2,7,3],"tags":[],"class_list":["post-24098","post","type-post","status-publish","format-image","has-post-thumbnail","hentry","category-deliberando","category-diario-armstrong","category-locales","category-politica","category-region","post_format-post-format-image"],"jetpack_publicize_connections":[],"jetpack_featured_media_url":"https:\/\/armstrongyregion.com.ar\/diario\/wp-content\/uploads\/2019\/03\/dolar.jpg","jetpack_shortlink":"https:\/\/wp.me\/p62QDO-6gG","jetpack_sharing_enabled":true,"amp_enabled":true,"_links":{"self":[{"href":"https:\/\/armstrongyregion.com.ar\/diario\/wp-json\/wp\/v2\/posts\/24098","targetHints":{"allow":["GET"]}}],"collection":[{"href":"https:\/\/armstrongyregion.com.ar\/diario\/wp-json\/wp\/v2\/posts"}],"about":[{"href":"https:\/\/armstrongyregion.com.ar\/diario\/wp-json\/wp\/v2\/types\/post"}],"author":[{"embeddable":true,"href":"https:\/\/armstrongyregion.com.ar\/diario\/wp-json\/wp\/v2\/users\/1"}],"replies":[{"embeddable":true,"href":"https:\/\/armstrongyregion.com.ar\/diario\/wp-json\/wp\/v2\/comments?post=24098"}],"version-history":[{"count":1,"href":"https:\/\/armstrongyregion.com.ar\/diario\/wp-json\/wp\/v2\/posts\/24098\/revisions"}],"predecessor-version":[{"id":24099,"href":"https:\/\/armstrongyregion.com.ar\/diario\/wp-json\/wp\/v2\/posts\/24098\/revisions\/24099"}],"wp:featuredmedia":[{"embeddable":true,"href":"https:\/\/armstrongyregion.com.ar\/diario\/wp-json\/wp\/v2\/media\/20946"}],"wp:attachment":[{"href":"https:\/\/armstrongyregion.com.ar\/diario\/wp-json\/wp\/v2\/media?parent=24098"}],"wp:term":[{"taxonomy":"category","embeddable":true,"href":"https:\/\/armstrongyregion.com.ar\/diario\/wp-json\/wp\/v2\/categories?post=24098"},{"taxonomy":"post_tag","embeddable":true,"href":"https:\/\/armstrongyregion.com.ar\/diario\/wp-json\/wp\/v2\/tags?post=24098"}],"curies":[{"name":"wp","href":"https:\/\/api.w.org\/{rel}","templated":true}]}}