{"id":2407,"date":"2015-05-29T13:08:01","date_gmt":"2015-05-29T13:08:01","guid":{"rendered":"https:\/\/armstrongyregion.com.ar\/diario\/?p=2407"},"modified":"2015-05-29T16:56:41","modified_gmt":"2015-05-29T16:56:41","slug":"educacion-inclusivaun-tema-de-todos","status":"publish","type":"post","link":"https:\/\/armstrongyregion.com.ar\/diario\/educacion-inclusivaun-tema-de-todos\/","title":{"rendered":"\u201cEducaci\u00f3n Inclusiva\u2026un tema de todos\u201d."},"content":{"rendered":"<p>Municipalidad de Las Parejas y Padres invitan a la charla inicial sobre Educaci\u00f3n Inclusiva dictada por la Fundaci\u00f3n Itineris. La misma se llevar\u00e1 a cabo el lunes 1\u00ba de junio a las 18hs en la Casa del Bicentenario.<\/p>\n<p>Esta charla est\u00e1 destinada a Docentes comunes y especiales, tambi\u00e9n a profesionales que realicen su labor con ni\u00f1os que necesiten integraci\u00f3n, tales como Fonoaudi\u00f3logos, Psic\u00f3logos, Psicopedagogos, Estimuladores, Terapistas Ocupacionales y todos aquellos que conformen la red necesaria para el funcionamiento adecuado de la inclusi\u00f3n.<\/p>\n<p>\u201cEstamos muy satisfechos de poder brindar esta capacitaci\u00f3n para profesionales que trabajan a diario con los chicos, y quiero agradecer y felicitar a Gabriela Pistelli y Gonzalo Navarro, dos papas que est\u00e1n ocupados y trabajando en esta tem\u00e1tica, a quienes vamos a seguir acompa\u00f1ando siempre\u201d, indico Diego Martin Mansilla.<\/p>\n<p>\u201cEducaci\u00f3n Inclusiva\u2026un tema de todos\u201d. Ayudemos a ayudar.<\/p>\n","protected":false},"excerpt":{"rendered":"<p>Municipalidad de Las Parejas y Padres invitan a la charla inicial sobre Educaci\u00f3n Inclusiva dictada por la Fundaci\u00f3n Itineris. La misma se llevar\u00e1 a cabo el lunes 1\u00ba de junio a las 18hs en la Casa del Bicentenario. Esta charla est\u00e1 destinada a Docentes comunes y especiales, tambi\u00e9n a profesionales que realicen su labor con <a href=\"https:\/\/armstrongyregion.com.ar\/diario\/educacion-inclusivaun-tema-de-todos\/\" title=\"Read more\" >&#8230;<\/a><\/p>\n","protected":false},"author":2,"featured_media":2408,"comment_status":"open","ping_status":"open","sticky":false,"template":"","format":"standard","meta":{"_jetpack_memberships_contains_paid_content":false,"footnotes":"","jetpack_publicize_message":"","jetpack_publicize_feature_enabled":true,"jetpack_social_post_already_shared":false,"jetpack_social_options":{"image_generator_settings":{"template":"highway","default_image_id":0,"enabled":false},"version":2}},"categories":[6,1,3],"tags":[1845,19,1846,1847,967],"class_list":["post-2407","post","type-post","status-publish","format-standard","has-post-thumbnail","hentry","category-cultura-entretenimiento","category-diario-armstrong","category-region","tag-educacion","tag-de","tag-inclusivaun","tag-tema","tag-todos"],"jetpack_publicize_connections":[],"jetpack_featured_media_url":"https:\/\/armstrongyregion.com.ar\/diario\/wp-content\/uploads\/2015\/05\/educacion-inclusiva.jpg","jetpack_shortlink":"https:\/\/wp.me\/p62QDO-CP","jetpack_sharing_enabled":true,"amp_enabled":true,"_links":{"self":[{"href":"https:\/\/armstrongyregion.com.ar\/diario\/wp-json\/wp\/v2\/posts\/2407","targetHints":{"allow":["GET"]}}],"collection":[{"href":"https:\/\/armstrongyregion.com.ar\/diario\/wp-json\/wp\/v2\/posts"}],"about":[{"href":"https:\/\/armstrongyregion.com.ar\/diario\/wp-json\/wp\/v2\/types\/post"}],"author":[{"embeddable":true,"href":"https:\/\/armstrongyregion.com.ar\/diario\/wp-json\/wp\/v2\/users\/2"}],"replies":[{"embeddable":true,"href":"https:\/\/armstrongyregion.com.ar\/diario\/wp-json\/wp\/v2\/comments?post=2407"}],"version-history":[{"count":0,"href":"https:\/\/armstrongyregion.com.ar\/diario\/wp-json\/wp\/v2\/posts\/2407\/revisions"}],"wp:featuredmedia":[{"embeddable":true,"href":"https:\/\/armstrongyregion.com.ar\/diario\/wp-json\/wp\/v2\/media\/2408"}],"wp:attachment":[{"href":"https:\/\/armstrongyregion.com.ar\/diario\/wp-json\/wp\/v2\/media?parent=2407"}],"wp:term":[{"taxonomy":"category","embeddable":true,"href":"https:\/\/armstrongyregion.com.ar\/diario\/wp-json\/wp\/v2\/categories?post=2407"},{"taxonomy":"post_tag","embeddable":true,"href":"https:\/\/armstrongyregion.com.ar\/diario\/wp-json\/wp\/v2\/tags?post=2407"}],"curies":[{"name":"wp","href":"https:\/\/api.w.org\/{rel}","templated":true}]}}