{"id":24057,"date":"2019-12-10T12:53:02","date_gmt":"2019-12-10T12:53:02","guid":{"rendered":"https:\/\/armstrongyregion.com.ar\/diario\/?p=24057"},"modified":"2019-12-10T12:53:07","modified_gmt":"2019-12-10T12:53:07","slug":"programacion-de-la-fiesta-armstrong-tierra-mia-2019","status":"publish","type":"post","link":"https:\/\/armstrongyregion.com.ar\/diario\/programacion-de-la-fiesta-armstrong-tierra-mia-2019\/","title":{"rendered":"Programaci\u00f3n de la Fiesta \u201cArmstrong Tierra M\u00eda\u201d 2019"},"content":{"rendered":"\n<figure class=\"wp-block-image\"><img loading=\"lazy\" decoding=\"async\" width=\"768\" height=\"546\" src=\"http:\/\/armstrongyregion.com.ar\/diario\/wp-content\/uploads\/2019\/12\/atm-2019-placa.jpg\" alt=\"\" class=\"wp-image-24058\" srcset=\"https:\/\/armstrongyregion.com.ar\/diario\/wp-content\/uploads\/2019\/12\/atm-2019-placa.jpg 768w, https:\/\/armstrongyregion.com.ar\/diario\/wp-content\/uploads\/2019\/12\/atm-2019-placa-300x213.jpg 300w\" sizes=\"auto, (max-width: 768px) 100vw, 768px\" \/><\/figure>\n\n\n\n<h2 class=\"wp-block-heading\"><\/h2>\n\n\n\n<p>La Municipalidad de Armstrong invita a toda la comunidad a\nparticipar de los festejos por el 137\u00ba aniversario de la ciudad&nbsp;los d\u00edas\ns\u00e1bado 14 y domingo 15 de diciembre, en Plaza San Mart\u00edn.<\/p>\n\n\n\n<p>Sobre los dos escenarios montados para la ocasi\u00f3n se\ndesarrollar\u00e1 la siguiente programaci\u00f3n:<\/p>\n\n\n\n<p>S\u00e1bado 14:&nbsp;20 hs. Para iniciar la fiesta, una sorpresa\npara todos los presentes, luego actuar\u00e1n: grupos de danzas cl\u00e1sicas So\u00f1ar con\nlos pies, a cargo de la Prof. Julieta L\u00f3pez y perteneciente a Club Norte, junto\na Movimientos del Alma, taller municipal dirigido por la Prof. Virginia De\nBonis; Ballets infantil y juvenil \u201cEl Tropero\u201d, conducidos por los Prof.\nAlejandra Cabrera y Franco Ariza; Ballet Folcl\u00f3rico de Salta Gral. Mart\u00edn\nMiguel de G\u00fcemes dirigido por Vidala Barbosa y con la participaci\u00f3n del\narmstronense Daniel Urquilla; Brisas del Norte; Taller municipal de danzas\n\u00e1rabes a cargo de la Prof. Faty Ay\u00fan; Elencos del Conservatorio Municipal de\nM\u00fasica; Ballet Bemba Color\u00e1; Escuela de Rock de Daniel Moccicafreddo; Taller de\nfolclore para adultos de \u201cEl Tropero\u201d; y Covern\u00edcola, con covers de rock y pop.<\/p>\n\n\n\n<p>&nbsp;Domingo 15: 19:30 hs.\nInicio del desfile con la participaci\u00f3n de la comunidad desde Plaza Flotron,\nrecorriendo calles Fischer, San Mart\u00edn, Otto Bantle y arribo a Plaza San\nMart\u00edn.<br>\nUna vez all\u00ed, se podr\u00e1 disfrutar de las actuaciones de la banda local Mercy;\nGrupo de Danzas Folcl\u00f3ricas Argentinas \u201cFrancisco Maldonado\u201d dirigido por el\nProf. Ricardo Maldonado; Ballet Folcl\u00f3rico de Salta Gral. Mart\u00edn Miguel de\nG\u00fcemes dirigido por la Prof. Vidala Barbosa; Franco Massignani, Bemba Color\u00e1,\ndirigido por el Prof. Mauricio Verstraete; y a las 23:30 hs., aproximadamente, un\ngran cierre a toda fiesta con Los Palmeras.<\/p>\n\n\n\n<p>Esa misma noche se entregar\u00e1n las menciones a los\nDeportistas Destacados 2019, y un reconocimiento a todas las escuelas de la\nciudad por haber sido parte del proyecto \u201cEl Arte nos Une\u201d.<\/p>\n\n\n\n<p>S\u00e1bado y domingo se podr\u00e1 apreciar la creatividad y trabajo\nde microemprendedores junto a Colores y Sabores Locales con sus distintas\npropuestas y se podr\u00e1n recorrer las muestras est\u00e1ticas de maquinaria agr\u00edcola\nde empresas locales, y de m\u00e1quinas antiguas tracci\u00f3n a sangre.<br>\nSe ofrecer\u00e1n servicios de buffet que estar\u00e1n a cargo de instituciones\ndeportivas de la ciudad.<\/p>\n\n\n\n<p>Si bien se dispondr\u00e1n sillas de manera gratuita, se invita a\nacercarse con reposeras, banquitos o lo que consideren m\u00e1s c\u00f3modo para pasar\ndos noches inolvidables junto a la familia y\/o amigos.<\/p>\n\n\n\n<p><\/p>\n","protected":false},"excerpt":{"rendered":"<p>Programaci\u00f3n de la Fiesta \u201cArmstrong Tierra M\u00eda\u201d 2019<\/p>\n","protected":false},"author":1,"featured_media":24058,"comment_status":"open","ping_status":"open","sticky":false,"template":"","format":"image","meta":{"_jetpack_memberships_contains_paid_content":false,"footnotes":"","jetpack_publicize_message":"","jetpack_publicize_feature_enabled":true,"jetpack_social_post_already_shared":true,"jetpack_social_options":{"image_generator_settings":{"template":"highway","default_image_id":0,"enabled":false},"version":2}},"categories":[1],"tags":[],"class_list":["post-24057","post","type-post","status-publish","format-image","has-post-thumbnail","hentry","category-diario-armstrong","post_format-post-format-image"],"jetpack_publicize_connections":[],"jetpack_featured_media_url":"https:\/\/armstrongyregion.com.ar\/diario\/wp-content\/uploads\/2019\/12\/atm-2019-placa.jpg","jetpack_shortlink":"https:\/\/wp.me\/p62QDO-6g1","jetpack_sharing_enabled":true,"amp_enabled":true,"_links":{"self":[{"href":"https:\/\/armstrongyregion.com.ar\/diario\/wp-json\/wp\/v2\/posts\/24057","targetHints":{"allow":["GET"]}}],"collection":[{"href":"https:\/\/armstrongyregion.com.ar\/diario\/wp-json\/wp\/v2\/posts"}],"about":[{"href":"https:\/\/armstrongyregion.com.ar\/diario\/wp-json\/wp\/v2\/types\/post"}],"author":[{"embeddable":true,"href":"https:\/\/armstrongyregion.com.ar\/diario\/wp-json\/wp\/v2\/users\/1"}],"replies":[{"embeddable":true,"href":"https:\/\/armstrongyregion.com.ar\/diario\/wp-json\/wp\/v2\/comments?post=24057"}],"version-history":[{"count":1,"href":"https:\/\/armstrongyregion.com.ar\/diario\/wp-json\/wp\/v2\/posts\/24057\/revisions"}],"predecessor-version":[{"id":24059,"href":"https:\/\/armstrongyregion.com.ar\/diario\/wp-json\/wp\/v2\/posts\/24057\/revisions\/24059"}],"wp:featuredmedia":[{"embeddable":true,"href":"https:\/\/armstrongyregion.com.ar\/diario\/wp-json\/wp\/v2\/media\/24058"}],"wp:attachment":[{"href":"https:\/\/armstrongyregion.com.ar\/diario\/wp-json\/wp\/v2\/media?parent=24057"}],"wp:term":[{"taxonomy":"category","embeddable":true,"href":"https:\/\/armstrongyregion.com.ar\/diario\/wp-json\/wp\/v2\/categories?post=24057"},{"taxonomy":"post_tag","embeddable":true,"href":"https:\/\/armstrongyregion.com.ar\/diario\/wp-json\/wp\/v2\/tags?post=24057"}],"curies":[{"name":"wp","href":"https:\/\/api.w.org\/{rel}","templated":true}]}}