{"id":24050,"date":"2019-12-10T12:36:08","date_gmt":"2019-12-10T12:36:08","guid":{"rendered":"https:\/\/armstrongyregion.com.ar\/diario\/?p=24050"},"modified":"2019-12-10T12:36:15","modified_gmt":"2019-12-10T12:36:15","slug":"rendir-cuentas-una-sana-costumbre","status":"publish","type":"post","link":"https:\/\/armstrongyregion.com.ar\/diario\/rendir-cuentas-una-sana-costumbre\/","title":{"rendered":"Rendir Cuentas, una Sana Costumbre."},"content":{"rendered":"\n<figure class=\"wp-block-image\"><img loading=\"lazy\" decoding=\"async\" width=\"768\" height=\"512\" src=\"http:\/\/armstrongyregion.com.ar\/diario\/wp-content\/uploads\/2019\/12\/DSC_3346.jpg\" alt=\"\" class=\"wp-image-24051\" srcset=\"https:\/\/armstrongyregion.com.ar\/diario\/wp-content\/uploads\/2019\/12\/DSC_3346.jpg 768w, https:\/\/armstrongyregion.com.ar\/diario\/wp-content\/uploads\/2019\/12\/DSC_3346-300x200.jpg 300w\" sizes=\"auto, (max-width: 768px) 100vw, 768px\" \/><\/figure>\n\n\n\n<h2 class=\"wp-block-heading\"><\/h2>\n\n\n\n<p><em>&nbsp;&nbsp; &nbsp;El\nDiputado Provincial Miguel Sol\u00eds, present\u00f3 en Las Parejas el balance de\ngesti\u00f3n&nbsp; y rendici\u00f3n de cuentas de su\nlabor parlamentaria y acci\u00f3n territorial.<\/em><\/p>\n\n\n\n<p>&nbsp;&nbsp; Junto a la\ntotalidad de su equipo de trabajo, y ante dirigentes y referentes del Partido\nSocialista, del Frente Progresista, familiares, amigos, vecinos y militantes\npol\u00edticos del Departamento Belgrano, present\u00f3 un apretado resumen de los 4 a\u00f1os\nde su paso por la C\u00e1mara de Diputados.&nbsp; <\/p>\n\n\n\n<figure class=\"wp-block-image\"><img loading=\"lazy\" decoding=\"async\" width=\"768\" height=\"512\" src=\"http:\/\/armstrongyregion.com.ar\/diario\/wp-content\/uploads\/2019\/12\/DSC_3282.jpg\" alt=\"\" class=\"wp-image-24052\" srcset=\"https:\/\/armstrongyregion.com.ar\/diario\/wp-content\/uploads\/2019\/12\/DSC_3282.jpg 768w, https:\/\/armstrongyregion.com.ar\/diario\/wp-content\/uploads\/2019\/12\/DSC_3282-300x200.jpg 300w\" sizes=\"auto, (max-width: 768px) 100vw, 768px\" \/><\/figure>\n\n\n\n<p>&nbsp;&nbsp;&nbsp; Un lugar\ndestacado tuvo en la exposici\u00f3n su acci\u00f3n en el territorio: Sol\u00eds cre\u00f3 el\nPrograma de Becas Juan B. Justo, implement\u00f3 el proyecto de Clases de Apoyo a\nestudiantes primarios y secundarios, impuls\u00f3 la Cooperativa de Calzado Incluir,\ngestion\u00f3 un nuevo servicio p\u00fablico de pasajeros en la zona y la construcci\u00f3n\ndel nuevo edificio del Profesorado Nro 5 en Ca\u00f1ada de Gomez, apoy\u00f3 a decenas de\nfamilias emprendedoras, se destacan entre otros logros en la regi\u00f3n <\/p>\n\n\n\n<p>&nbsp;&nbsp;&nbsp;&nbsp; Su\nactividad como presidente de la Comisi\u00f3n de Asuntos Laborales, Gremiales y de\nPrevisi\u00f3n que, en un contexto \u201c<em>de\nprecarizaci\u00f3n del empleo, aumento de la informalidad y p\u00e9rdida de fuentes\nlaborales<\/em>\u201d, lo llev\u00f3 a numerosas intervenciones en cada uno de los\nconflictos donde fue convocado por trabajadores o autoridades de toda la\nprovincia. <\/p>\n\n\n\n<p>&nbsp;&nbsp;&nbsp;&nbsp; Dos leyes\nde su autor\u00eda, la creaci\u00f3n del Colegio de Profesionales T\u00e9cnicos y Licenciados en\nHigiene y Seguridad, y la de Jerarquizaci\u00f3n de los Profesionales del \u00c1rea de\nSanidad y Bioim\u00e1genes, ser\u00e1n consideradas por los trabajadores beneficiados,\ncomo un hecho hist\u00f3rico y Sol\u00eds, recordado como su indiscutible mentor.<\/p>\n\n\n\n<p><\/p>\n","protected":false},"excerpt":{"rendered":"<p>Rendir Cuentas, una Sana Costumbre.<\/p>\n","protected":false},"author":1,"featured_media":24051,"comment_status":"open","ping_status":"open","sticky":false,"template":"","format":"image","meta":{"_jetpack_memberships_contains_paid_content":false,"footnotes":"","jetpack_publicize_message":"","jetpack_publicize_feature_enabled":true,"jetpack_social_post_already_shared":true,"jetpack_social_options":{"image_generator_settings":{"template":"highway","default_image_id":0,"enabled":false},"version":2}},"categories":[8,1,2,7,3],"tags":[],"class_list":["post-24050","post","type-post","status-publish","format-image","has-post-thumbnail","hentry","category-deliberando","category-diario-armstrong","category-locales","category-politica","category-region","post_format-post-format-image"],"jetpack_publicize_connections":[],"jetpack_featured_media_url":"https:\/\/armstrongyregion.com.ar\/diario\/wp-content\/uploads\/2019\/12\/DSC_3346.jpg","jetpack_shortlink":"https:\/\/wp.me\/p62QDO-6fU","jetpack_sharing_enabled":true,"amp_enabled":true,"_links":{"self":[{"href":"https:\/\/armstrongyregion.com.ar\/diario\/wp-json\/wp\/v2\/posts\/24050","targetHints":{"allow":["GET"]}}],"collection":[{"href":"https:\/\/armstrongyregion.com.ar\/diario\/wp-json\/wp\/v2\/posts"}],"about":[{"href":"https:\/\/armstrongyregion.com.ar\/diario\/wp-json\/wp\/v2\/types\/post"}],"author":[{"embeddable":true,"href":"https:\/\/armstrongyregion.com.ar\/diario\/wp-json\/wp\/v2\/users\/1"}],"replies":[{"embeddable":true,"href":"https:\/\/armstrongyregion.com.ar\/diario\/wp-json\/wp\/v2\/comments?post=24050"}],"version-history":[{"count":1,"href":"https:\/\/armstrongyregion.com.ar\/diario\/wp-json\/wp\/v2\/posts\/24050\/revisions"}],"predecessor-version":[{"id":24053,"href":"https:\/\/armstrongyregion.com.ar\/diario\/wp-json\/wp\/v2\/posts\/24050\/revisions\/24053"}],"wp:featuredmedia":[{"embeddable":true,"href":"https:\/\/armstrongyregion.com.ar\/diario\/wp-json\/wp\/v2\/media\/24051"}],"wp:attachment":[{"href":"https:\/\/armstrongyregion.com.ar\/diario\/wp-json\/wp\/v2\/media?parent=24050"}],"wp:term":[{"taxonomy":"category","embeddable":true,"href":"https:\/\/armstrongyregion.com.ar\/diario\/wp-json\/wp\/v2\/categories?post=24050"},{"taxonomy":"post_tag","embeddable":true,"href":"https:\/\/armstrongyregion.com.ar\/diario\/wp-json\/wp\/v2\/tags?post=24050"}],"curies":[{"name":"wp","href":"https:\/\/api.w.org\/{rel}","templated":true}]}}