{"id":24047,"date":"2019-12-09T19:17:13","date_gmt":"2019-12-09T19:17:13","guid":{"rendered":"https:\/\/armstrongyregion.com.ar\/diario\/?p=24047"},"modified":"2019-12-09T19:17:20","modified_gmt":"2019-12-09T19:17:20","slug":"presentaron-el-gabinete-de-omar-peroti","status":"publish","type":"post","link":"https:\/\/armstrongyregion.com.ar\/diario\/presentaron-el-gabinete-de-omar-peroti\/","title":{"rendered":"Presentaron el Gabinete de Omar Peroti."},"content":{"rendered":"\n<figure class=\"wp-block-image\"><img loading=\"lazy\" decoding=\"async\" width=\"768\" height=\"512\" src=\"http:\/\/armstrongyregion.com.ar\/diario\/wp-content\/uploads\/2019\/12\/multimedia.normal.83ffa50cd567126b.6e6f726d616c2e6a7067.jpg\" alt=\"\" class=\"wp-image-24048\" srcset=\"https:\/\/armstrongyregion.com.ar\/diario\/wp-content\/uploads\/2019\/12\/multimedia.normal.83ffa50cd567126b.6e6f726d616c2e6a7067.jpg 768w, https:\/\/armstrongyregion.com.ar\/diario\/wp-content\/uploads\/2019\/12\/multimedia.normal.83ffa50cd567126b.6e6f726d616c2e6a7067-300x200.jpg 300w\" sizes=\"auto, (max-width: 768px) 100vw, 768px\" \/><\/figure>\n\n\n\n<h2 class=\"wp-block-heading\"><\/h2>\n\n\n\n<p>El nuevo gobierno provincial present\u00f3 a los integrantes del gabinete que acompa\u00f1ar\u00e1n al gobernador electo Omar Perotti a partir del 11 de diciembre.<\/p>\n\n\n\n<p>El anuncio se realiz\u00f3 en un acto en el Club Marinas, Puerto Santa Fe, de la ciudad capital y estuvo a cargo del flamante vocero de gobierno, Leonardo&nbsp;Ricciardino.<\/p>\n\n\n\n<p><strong>GABINETE DE OMAR PEROTTI<\/strong><\/p>\n\n\n\n<p>&#8211; Ministerio de Gesti\u00f3n P\u00fablica: Rub\u00e9n Michlig<\/p>\n\n\n\n<p>&#8211; Ministerio de Gobierno, Justicia y Derechos Humanos: Esteban Ra\u00fal Borgonovo<\/p>\n\n\n\n<p>&#8211; Ministerio de Seguridad: Marcelo Fabi\u00e1n Sa\u00edn<\/p>\n\n\n\n<p>&#8211; Ministerio de Econom\u00eda: Walter Alfredo Agosto<\/p>\n\n\n\n<p>&#8211; Ministerio de Infraestructura: Silvina Frana<\/p>\n\n\n\n<p>&#8211; Ministerio de Producci\u00f3n, Ciencia y Tecnolog\u00eda: Daniel An\u00edbal Costamagna<\/p>\n\n\n\n<p>&#8211; Ministerio de Educaci\u00f3n: Adriana Ema Cantero<\/p>\n\n\n\n<p>&#8211; Ministerio de Desarrollo Social: Daniel Hugo Capitani<\/p>\n\n\n\n<p>&#8211; Ministerio de Salud: Carlos Daniel Parola<\/p>\n\n\n\n<p>&#8211; Ministerio de Trabajo: Roberto Sukerman<\/p>\n\n\n\n<p>&#8211; Ministerio de Cultura: Jorge Ra\u00fal Llonch<\/p>\n\n\n\n<p>&#8211; Ministerio de Ambiente y Cambio Clim\u00e1tico: Erika Mar\u00eda del Luj\u00e1n Gonnet<\/p>\n\n\n\n<p>&#8211; Secretar\u00eda de Estado de Igualdad y G\u00e9nero: Celia Arena<\/p>\n\n\n\n<p>&#8211; Fiscal de Estado: Rub\u00e9n Luis Weder<\/p>\n\n\n\n<p>&#8211; Sindicatura General de la Provincia: Maria Lorena Angello<br>&#8211; Empresa Provincial de la Energ\u00eda de Santa Fe (EPE): Mauricio Caussi<br>&#8211; Aguas Santafesinas SA (ASSA): Hugo Morzan<\/p>\n\n\n\n<p>&#8211; Secretario de Municipios y Comunas: Jos\u00e9 Luis Freyre<br>&#8211; Secretario de Asuntos Estrat\u00e9gicos del Gobernador: Francisco Buchara<br>&#8211; Secretaria&nbsp; de Pol\u00edticas Socioculturales (Ministerio de Cultura): Leilen Bouchet<\/p>\n\n\n\n<p>&#8211; Secretario de Educaci\u00f3n (Ministerio de Educaci\u00f3n): Victor Hugo Debloc<br>&#8211;&nbsp;Secretario de Comunicaci\u00f3n Social: Miguel Altamirano<br>&#8211; Secretaria de Empresas y Servicios P\u00fablicos (Ministerio de Infraestructura): Ing. Carlos Maina<br>&#8211; Secretario de Recursos H\u00eddricos: Ing. Roberto Gioria<br><\/p>\n\n\n\n<p><\/p>\n","protected":false},"excerpt":{"rendered":"<p>Presentaron el Gabinete de Omar Peroti.<\/p>\n","protected":false},"author":1,"featured_media":24048,"comment_status":"open","ping_status":"open","sticky":false,"template":"","format":"image","meta":{"_jetpack_memberships_contains_paid_content":false,"footnotes":"","jetpack_publicize_message":"","jetpack_publicize_feature_enabled":true,"jetpack_social_post_already_shared":true,"jetpack_social_options":{"image_generator_settings":{"template":"highway","default_image_id":0,"enabled":false},"version":2}},"categories":[8,1,2,7,3],"tags":[],"class_list":["post-24047","post","type-post","status-publish","format-image","has-post-thumbnail","hentry","category-deliberando","category-diario-armstrong","category-locales","category-politica","category-region","post_format-post-format-image"],"jetpack_publicize_connections":[],"jetpack_featured_media_url":"https:\/\/armstrongyregion.com.ar\/diario\/wp-content\/uploads\/2019\/12\/multimedia.normal.83ffa50cd567126b.6e6f726d616c2e6a7067.jpg","jetpack_shortlink":"https:\/\/wp.me\/p62QDO-6fR","jetpack_sharing_enabled":true,"amp_enabled":true,"_links":{"self":[{"href":"https:\/\/armstrongyregion.com.ar\/diario\/wp-json\/wp\/v2\/posts\/24047","targetHints":{"allow":["GET"]}}],"collection":[{"href":"https:\/\/armstrongyregion.com.ar\/diario\/wp-json\/wp\/v2\/posts"}],"about":[{"href":"https:\/\/armstrongyregion.com.ar\/diario\/wp-json\/wp\/v2\/types\/post"}],"author":[{"embeddable":true,"href":"https:\/\/armstrongyregion.com.ar\/diario\/wp-json\/wp\/v2\/users\/1"}],"replies":[{"embeddable":true,"href":"https:\/\/armstrongyregion.com.ar\/diario\/wp-json\/wp\/v2\/comments?post=24047"}],"version-history":[{"count":1,"href":"https:\/\/armstrongyregion.com.ar\/diario\/wp-json\/wp\/v2\/posts\/24047\/revisions"}],"predecessor-version":[{"id":24049,"href":"https:\/\/armstrongyregion.com.ar\/diario\/wp-json\/wp\/v2\/posts\/24047\/revisions\/24049"}],"wp:featuredmedia":[{"embeddable":true,"href":"https:\/\/armstrongyregion.com.ar\/diario\/wp-json\/wp\/v2\/media\/24048"}],"wp:attachment":[{"href":"https:\/\/armstrongyregion.com.ar\/diario\/wp-json\/wp\/v2\/media?parent=24047"}],"wp:term":[{"taxonomy":"category","embeddable":true,"href":"https:\/\/armstrongyregion.com.ar\/diario\/wp-json\/wp\/v2\/categories?post=24047"},{"taxonomy":"post_tag","embeddable":true,"href":"https:\/\/armstrongyregion.com.ar\/diario\/wp-json\/wp\/v2\/tags?post=24047"}],"curies":[{"name":"wp","href":"https:\/\/api.w.org\/{rel}","templated":true}]}}