{"id":2404,"date":"2015-05-29T06:04:37","date_gmt":"2015-05-29T06:04:37","guid":{"rendered":"https:\/\/armstrongyregion.com.ar\/diario\/?p=2404"},"modified":"2015-05-29T06:04:37","modified_gmt":"2015-05-29T06:04:37","slug":"informe-especial-del-servicio-meteorologico-nacional-por-bancos-de-niebla","status":"publish","type":"post","link":"https:\/\/armstrongyregion.com.ar\/diario\/informe-especial-del-servicio-meteorologico-nacional-por-bancos-de-niebla\/","title":{"rendered":"Informe especial del Servicio Meteorol\u00f3gico Nacional por bancos de niebla."},"content":{"rendered":"<p><a href=\"http:\/\/armstrongyregion.com.ar\/diario\/wp-content\/uploads\/2015\/05\/05-28-niebla-celina.jpg_88717827.jpg\"><img loading=\"lazy\" decoding=\"async\" class=\"alignnone size-medium wp-image-2405\" src=\"http:\/\/armstrongyregion.com.ar\/diario\/wp-content\/uploads\/2015\/05\/05-28-niebla-celina.jpg_88717827-300x224.jpg\" alt=\"niebla\" width=\"300\" height=\"224\" srcset=\"https:\/\/armstrongyregion.com.ar\/diario\/wp-content\/uploads\/2015\/05\/05-28-niebla-celina.jpg_88717827-300x224.jpg 300w, https:\/\/armstrongyregion.com.ar\/diario\/wp-content\/uploads\/2015\/05\/05-28-niebla-celina.jpg_88717827.jpg 621w\" sizes=\"auto, (max-width: 300px) 100vw, 300px\" \/><\/a>Afectar\u00e1 a varias provincias, incluida Santa Fe. El fen\u00f3meno se prolongar\u00eda desde la madrugada hasta el mediod\u00eda.<br \/>\nEl Servicio Meteorol\u00f3gico Nacional alert\u00f3 por bancos de niebla que afectar\u00e1n a varias provincias de Argentina, entre ellas Santa Fe, durante la madrugada y la ma\u00f1ana del viernes.<br \/>\nCon una zona de cobertura que, adem\u00e1s de Santa Fe, incluye parte de la provincia de Buenos Aires, C\u00f3rdoba, Corrientes, Entre R\u00edos, noreste de La Pampa, San Luis, Santiago del Estero, la ciudad de Buenos Aires, R\u00edo de la Plata y el delta del Paran\u00e1, los bancos de niebla pueden reducir significativamente la visibilidad, por lo que se recomienda extrema precauci\u00f3n para circular, especialmente quienes tienen necesidad de viajar por ruta.<br \/>\nEl fen\u00f3meno se prolongar\u00eda hasta el mediod\u00eda.<br \/>\nEn la ma\u00f1ana de ayer jueves, Rosario tambi\u00e9n se vio afectado por niebla, al punto en que el aeropuerto \u201cIslas Malvinas\u201d dej\u00f3 de operar a causa de la escasa visibilidad, que apenas alcanzaba los 20 metros.<\/p>\n","protected":false},"excerpt":{"rendered":"<p>Afectar\u00e1 a varias provincias, incluida Santa Fe. El fen\u00f3meno se prolongar\u00eda desde la madrugada hasta el mediod\u00eda. El Servicio Meteorol\u00f3gico Nacional alert\u00f3 por bancos de niebla que afectar\u00e1n a varias provincias de Argentina, entre ellas Santa Fe, durante la madrugada y la ma\u00f1ana del viernes. Con una zona de cobertura que, adem\u00e1s de Santa Fe, <a href=\"https:\/\/armstrongyregion.com.ar\/diario\/informe-especial-del-servicio-meteorologico-nacional-por-bancos-de-niebla\/\" title=\"Read more\" >&#8230;<\/a><\/p>\n","protected":false},"author":2,"featured_media":2405,"comment_status":"open","ping_status":"open","sticky":false,"template":"","format":"standard","meta":{"_jetpack_memberships_contains_paid_content":false,"footnotes":"","jetpack_publicize_message":"","jetpack_publicize_feature_enabled":true,"jetpack_social_post_already_shared":false,"jetpack_social_options":{"image_generator_settings":{"template":"highway","default_image_id":0,"enabled":false},"version":2}},"categories":[1,2,3],"tags":[1798,19,16,656,1550,231,621,1844,60,508],"class_list":["post-2404","post","type-post","status-publish","format-standard","has-post-thumbnail","hentry","category-diario-armstrong","category-locales","category-region","tag-bancos","tag-de","tag-el","tag-especial","tag-informe","tag-meteorologico","tag-nacional","tag-niebla","tag-por","tag-servicio"],"jetpack_publicize_connections":[],"jetpack_featured_media_url":"https:\/\/armstrongyregion.com.ar\/diario\/wp-content\/uploads\/2015\/05\/05-28-niebla-celina.jpg_88717827.jpg","jetpack_shortlink":"https:\/\/wp.me\/p62QDO-CM","jetpack_sharing_enabled":true,"amp_enabled":true,"_links":{"self":[{"href":"https:\/\/armstrongyregion.com.ar\/diario\/wp-json\/wp\/v2\/posts\/2404","targetHints":{"allow":["GET"]}}],"collection":[{"href":"https:\/\/armstrongyregion.com.ar\/diario\/wp-json\/wp\/v2\/posts"}],"about":[{"href":"https:\/\/armstrongyregion.com.ar\/diario\/wp-json\/wp\/v2\/types\/post"}],"author":[{"embeddable":true,"href":"https:\/\/armstrongyregion.com.ar\/diario\/wp-json\/wp\/v2\/users\/2"}],"replies":[{"embeddable":true,"href":"https:\/\/armstrongyregion.com.ar\/diario\/wp-json\/wp\/v2\/comments?post=2404"}],"version-history":[{"count":0,"href":"https:\/\/armstrongyregion.com.ar\/diario\/wp-json\/wp\/v2\/posts\/2404\/revisions"}],"wp:featuredmedia":[{"embeddable":true,"href":"https:\/\/armstrongyregion.com.ar\/diario\/wp-json\/wp\/v2\/media\/2405"}],"wp:attachment":[{"href":"https:\/\/armstrongyregion.com.ar\/diario\/wp-json\/wp\/v2\/media?parent=2404"}],"wp:term":[{"taxonomy":"category","embeddable":true,"href":"https:\/\/armstrongyregion.com.ar\/diario\/wp-json\/wp\/v2\/categories?post=2404"},{"taxonomy":"post_tag","embeddable":true,"href":"https:\/\/armstrongyregion.com.ar\/diario\/wp-json\/wp\/v2\/tags?post=2404"}],"curies":[{"name":"wp","href":"https:\/\/api.w.org\/{rel}","templated":true}]}}