{"id":23985,"date":"2019-12-05T10:28:26","date_gmt":"2019-12-05T10:28:26","guid":{"rendered":"https:\/\/armstrongyregion.com.ar\/diario\/?p=23985"},"modified":"2019-12-05T10:28:33","modified_gmt":"2019-12-05T10:28:33","slug":"intendentes-y-ptes-comunales-continuan-reclamando-la-reconstruccion-de-la-ruta-9","status":"publish","type":"post","link":"https:\/\/armstrongyregion.com.ar\/diario\/intendentes-y-ptes-comunales-continuan-reclamando-la-reconstruccion-de-la-ruta-9\/","title":{"rendered":"Intendentes y Ptes. Comunales contin\u00faan reclamando la reconstrucci\u00f3n de la Ruta 9."},"content":{"rendered":"\n<figure class=\"wp-block-image\"><img loading=\"lazy\" decoding=\"async\" width=\"768\" height=\"512\" src=\"http:\/\/armstrongyregion.com.ar\/diario\/wp-content\/uploads\/2019\/12\/ruta-9-reclamo-intendentes.jpg\" alt=\"\" class=\"wp-image-23986\" srcset=\"https:\/\/armstrongyregion.com.ar\/diario\/wp-content\/uploads\/2019\/12\/ruta-9-reclamo-intendentes.jpg 768w, https:\/\/armstrongyregion.com.ar\/diario\/wp-content\/uploads\/2019\/12\/ruta-9-reclamo-intendentes-300x200.jpg 300w\" sizes=\"auto, (max-width: 768px) 100vw, 768px\" \/><\/figure>\n\n\n\n<h2 class=\"wp-block-heading\"> \u00a0Las autoridades de localidades del Corredor Vial Ruta Nacional N\u00b09 desde Tortugas hasta la ciudad de Rold\u00e1n se reunieron en la Casa del Bicentenario de Ca\u00f1ada de G\u00f3mez para determinar nuevas acciones con respecto al mal estado de la Ruta N\u00b0 9.<br>Luego del tr\u00e1gico accidente de d\u00edas pasados entre Tortugas y Armstrong que gener\u00f3 la movilizaci\u00f3n de vecinos y el corte en la AUTOPISTA ROSARIO \u2013 C\u00d3RDOBA por parte de vecinos y vecinas autoconvocados en su decisi\u00f3n, se realiz\u00f3 esta reuni\u00f3n acompa\u00f1ando el reclamo.<br>\u00a0 Con respecto a este encuentro, se definieron diferentes acciones. \u00abEn primer lugar, consideramos necesario el pedido en car\u00e1cter de urgente de medidas de seguridad que meng\u00fcen el p\u00e9simo estado de la arteria en punto claves. Esta medida se remitir\u00e1 a la Agencia Provincial de Seguridad Vial, para su acompa\u00f1amiento tanto en la solicitud como en el apoyo en estructura vial\u00bb, manifestaron las autoridades presentes.<br>\u00a0 Por v\u00eda judicial se present\u00f3 un nuevo escrito anoticiando del tr\u00e1gico hecho donde perdiera la vida una joven de la regi\u00f3n y asimismo se solicit\u00f3 audiencia, con car\u00e1cter de urgente, con el Magistrado a cargo del Juzgado Federal N\u00b0 1 de la Ciudad de Rosario Dr. Cuello Murua.<br>\u00a0 En cuanto a las acciones pol\u00edticas, se solicitar\u00e1 el apoyo de Legisladores (Diputados y Senadores) Nacionales de diferentes partidos pol\u00edticos que asumir\u00e1n las bancas en los pr\u00f3ximos d\u00edas. El eje principal de este pedido ser\u00e1 la inclusi\u00f3n en el presupuesto 2020 de esta obra trascendental para la regi\u00f3n. Y a su vez, ante el inminente cambio de autoridades de Vialidad Nacional, poner al tanto a dichas autoridades sobre la necesidad imperiosa de la repavimentaci\u00f3n y\/o reparaci\u00f3n definitiva de esta arteria.<br>El documento elaborado fue firmado por:<br>\u00a0 HUMBERTO VIOZZI-Tortugas, PABLO VERDECCHIA-Armstrong, STELLA MARIS CLERICI-Ca\u00f1ada de G\u00f3mez, FABIAN CEJAS-Correa, VERONICA SCHUAGER-Carcara\u00f1\u00e1, HECTOR CIANCIO-San Jer\u00f3nimo, JOSE MARIA PEDRETTI- Roldan <\/h2>\n","protected":false},"excerpt":{"rendered":"<p>Intendentes y Ptes. Comunales contin\u00faan reclamando la reconstrucci\u00f3n de la Ruta 9.<\/p>\n","protected":false},"author":1,"featured_media":23986,"comment_status":"open","ping_status":"open","sticky":false,"template":"","format":"image","meta":{"_jetpack_memberships_contains_paid_content":false,"footnotes":"","jetpack_publicize_message":"","jetpack_publicize_feature_enabled":true,"jetpack_social_post_already_shared":true,"jetpack_social_options":{"image_generator_settings":{"template":"highway","default_image_id":0,"enabled":false},"version":2}},"categories":[8,1,7],"tags":[],"class_list":["post-23985","post","type-post","status-publish","format-image","has-post-thumbnail","hentry","category-deliberando","category-diario-armstrong","category-politica","post_format-post-format-image"],"jetpack_publicize_connections":[],"jetpack_featured_media_url":"https:\/\/armstrongyregion.com.ar\/diario\/wp-content\/uploads\/2019\/12\/ruta-9-reclamo-intendentes.jpg","jetpack_shortlink":"https:\/\/wp.me\/p62QDO-6eR","jetpack_sharing_enabled":true,"amp_enabled":true,"_links":{"self":[{"href":"https:\/\/armstrongyregion.com.ar\/diario\/wp-json\/wp\/v2\/posts\/23985","targetHints":{"allow":["GET"]}}],"collection":[{"href":"https:\/\/armstrongyregion.com.ar\/diario\/wp-json\/wp\/v2\/posts"}],"about":[{"href":"https:\/\/armstrongyregion.com.ar\/diario\/wp-json\/wp\/v2\/types\/post"}],"author":[{"embeddable":true,"href":"https:\/\/armstrongyregion.com.ar\/diario\/wp-json\/wp\/v2\/users\/1"}],"replies":[{"embeddable":true,"href":"https:\/\/armstrongyregion.com.ar\/diario\/wp-json\/wp\/v2\/comments?post=23985"}],"version-history":[{"count":1,"href":"https:\/\/armstrongyregion.com.ar\/diario\/wp-json\/wp\/v2\/posts\/23985\/revisions"}],"predecessor-version":[{"id":23987,"href":"https:\/\/armstrongyregion.com.ar\/diario\/wp-json\/wp\/v2\/posts\/23985\/revisions\/23987"}],"wp:featuredmedia":[{"embeddable":true,"href":"https:\/\/armstrongyregion.com.ar\/diario\/wp-json\/wp\/v2\/media\/23986"}],"wp:attachment":[{"href":"https:\/\/armstrongyregion.com.ar\/diario\/wp-json\/wp\/v2\/media?parent=23985"}],"wp:term":[{"taxonomy":"category","embeddable":true,"href":"https:\/\/armstrongyregion.com.ar\/diario\/wp-json\/wp\/v2\/categories?post=23985"},{"taxonomy":"post_tag","embeddable":true,"href":"https:\/\/armstrongyregion.com.ar\/diario\/wp-json\/wp\/v2\/tags?post=23985"}],"curies":[{"name":"wp","href":"https:\/\/api.w.org\/{rel}","templated":true}]}}