{"id":23982,"date":"2019-12-04T11:43:39","date_gmt":"2019-12-04T11:43:39","guid":{"rendered":"https:\/\/armstrongyregion.com.ar\/diario\/?p=23982"},"modified":"2019-12-04T11:43:46","modified_gmt":"2019-12-04T11:43:46","slug":"armstrong-encendamos-el-espiritu-navideno","status":"publish","type":"post","link":"https:\/\/armstrongyregion.com.ar\/diario\/armstrong-encendamos-el-espiritu-navideno\/","title":{"rendered":"Armstrong. Encendamos el esp\u00edritu navide\u00f1o."},"content":{"rendered":"\n<figure class=\"wp-block-image\"><img loading=\"lazy\" decoding=\"async\" width=\"768\" height=\"532\" src=\"http:\/\/armstrongyregion.com.ar\/diario\/wp-content\/uploads\/2019\/12\/navidad_arbolito_2019_ok.jpg\" alt=\"\" class=\"wp-image-23983\" srcset=\"https:\/\/armstrongyregion.com.ar\/diario\/wp-content\/uploads\/2019\/12\/navidad_arbolito_2019_ok.jpg 768w, https:\/\/armstrongyregion.com.ar\/diario\/wp-content\/uploads\/2019\/12\/navidad_arbolito_2019_ok-300x208.jpg 300w\" sizes=\"auto, (max-width: 768px) 100vw, 768px\" \/><\/figure>\n\n\n\n<h2 class=\"wp-block-heading\"><\/h2>\n\n\n\n<p>La Municipalidad de Armstrong invita a todos a encender juntos el esp\u00edritu navide\u00f1o el pr\u00f3ximo s\u00e1bado 7 de diciembre a las 20 hs. en Plaza Flotron.<\/p>\n\n\n\n<p>En un momento de alegr\u00eda, fe y buenos deseos, se encender\u00e1n las luces del \u00e1rbol gigante ubicado en el cantero central, y los integrantes del taller municipal de canto para adultos, dirigido por la Prof. Rosa Demar\u00eda, interpretar\u00e1n villancicos tradicionales.<\/p>\n\n\n\n<p><\/p>\n","protected":false},"excerpt":{"rendered":"<p>Encendamos el esp\u00edritu navide\u00f1o<\/p>\n","protected":false},"author":1,"featured_media":23983,"comment_status":"open","ping_status":"open","sticky":false,"template":"","format":"image","meta":{"_jetpack_memberships_contains_paid_content":false,"footnotes":"","jetpack_publicize_message":"","jetpack_publicize_feature_enabled":true,"jetpack_social_post_already_shared":true,"jetpack_social_options":{"image_generator_settings":{"template":"highway","default_image_id":0,"enabled":false},"version":2}},"categories":[6,8,1,2],"tags":[],"class_list":["post-23982","post","type-post","status-publish","format-image","has-post-thumbnail","hentry","category-cultura-entretenimiento","category-deliberando","category-diario-armstrong","category-locales","post_format-post-format-image"],"jetpack_publicize_connections":[],"jetpack_featured_media_url":"https:\/\/armstrongyregion.com.ar\/diario\/wp-content\/uploads\/2019\/12\/navidad_arbolito_2019_ok.jpg","jetpack_shortlink":"https:\/\/wp.me\/p62QDO-6eO","jetpack_sharing_enabled":true,"amp_enabled":true,"_links":{"self":[{"href":"https:\/\/armstrongyregion.com.ar\/diario\/wp-json\/wp\/v2\/posts\/23982","targetHints":{"allow":["GET"]}}],"collection":[{"href":"https:\/\/armstrongyregion.com.ar\/diario\/wp-json\/wp\/v2\/posts"}],"about":[{"href":"https:\/\/armstrongyregion.com.ar\/diario\/wp-json\/wp\/v2\/types\/post"}],"author":[{"embeddable":true,"href":"https:\/\/armstrongyregion.com.ar\/diario\/wp-json\/wp\/v2\/users\/1"}],"replies":[{"embeddable":true,"href":"https:\/\/armstrongyregion.com.ar\/diario\/wp-json\/wp\/v2\/comments?post=23982"}],"version-history":[{"count":1,"href":"https:\/\/armstrongyregion.com.ar\/diario\/wp-json\/wp\/v2\/posts\/23982\/revisions"}],"predecessor-version":[{"id":23984,"href":"https:\/\/armstrongyregion.com.ar\/diario\/wp-json\/wp\/v2\/posts\/23982\/revisions\/23984"}],"wp:featuredmedia":[{"embeddable":true,"href":"https:\/\/armstrongyregion.com.ar\/diario\/wp-json\/wp\/v2\/media\/23983"}],"wp:attachment":[{"href":"https:\/\/armstrongyregion.com.ar\/diario\/wp-json\/wp\/v2\/media?parent=23982"}],"wp:term":[{"taxonomy":"category","embeddable":true,"href":"https:\/\/armstrongyregion.com.ar\/diario\/wp-json\/wp\/v2\/categories?post=23982"},{"taxonomy":"post_tag","embeddable":true,"href":"https:\/\/armstrongyregion.com.ar\/diario\/wp-json\/wp\/v2\/tags?post=23982"}],"curies":[{"name":"wp","href":"https:\/\/api.w.org\/{rel}","templated":true}]}}