{"id":23979,"date":"2019-12-04T11:36:25","date_gmt":"2019-12-04T11:36:25","guid":{"rendered":"https:\/\/armstrongyregion.com.ar\/diario\/?p=23979"},"modified":"2019-12-04T11:36:32","modified_gmt":"2019-12-04T11:36:32","slug":"iluminacion-en-el-paseo-saludable-rene-favaloro","status":"publish","type":"post","link":"https:\/\/armstrongyregion.com.ar\/diario\/iluminacion-en-el-paseo-saludable-rene-favaloro\/","title":{"rendered":"Iluminaci\u00f3n en el paseo saludable \u201cRen\u00e9 Favaloro\u201d"},"content":{"rendered":"\n<figure class=\"wp-block-image\"><img loading=\"lazy\" decoding=\"async\" width=\"768\" height=\"512\" src=\"http:\/\/armstrongyregion.com.ar\/diario\/wp-content\/uploads\/2019\/12\/foto_ilu_2.jpg\" alt=\"\" class=\"wp-image-23980\" srcset=\"https:\/\/armstrongyregion.com.ar\/diario\/wp-content\/uploads\/2019\/12\/foto_ilu_2.jpg 768w, https:\/\/armstrongyregion.com.ar\/diario\/wp-content\/uploads\/2019\/12\/foto_ilu_2-300x200.jpg 300w\" sizes=\"auto, (max-width: 768px) 100vw, 768px\" \/><\/figure>\n\n\n\n<h2 class=\"wp-block-heading\"><\/h2>\n\n\n\n<p><\/p>\n\n\n\n<p>Ya se puede disfrutar de la nueva iluminaci\u00f3n led de la bicisenda que atraviesa el paseo saludable \u201cRen\u00e9 Favaloro\u201d, desde el \u00e1rea industrial hasta calle La Plata, con la colocaci\u00f3n de 60 l\u00e1mparas que facilitan la transitabilidad nocturna, tanto de quienes concurren a sus trabajos como los que se llegan al lugar por deporte o recreaci\u00f3n.<\/p>\n\n\n\n<p>Es un proyecto en el que trabajan la Municipalidad, la Cooperativa de Obras y Servicios P\u00fabicos y el Ministerio de Seguridad de la Provincia de Santa Fe a trav\u00e9s del programa Infraestructura Vial para la seguridad en Gobiernos Locales, con una inversi\u00f3n total de $ 4.500.000.<\/p>\n\n\n\n<p>Implica la iluminaci\u00f3n en el cruce de Ruta Provincial N\u00b0 15 y el acceso a la ciudad por calle Flotron, tramo que ya fue habilitado, esta nueva etapa de la bicisenda del paseo saludable, y resta colocar iluminaci\u00f3n en Ruta N\u00b0 15 y el acceso por calle Schaer.<\/p>\n\n\n\n<p>Hace unos a\u00f1os, este sector que hoy es un espacio de verde, era utilizado por vecinos para depositar residuos. El municipio local se propuso un ambicioso desaf\u00edo y logr\u00f3 biorremediarlo, con el acompa\u00f1amiento de la ciudadan\u00eda.<\/p>\n\n\n\n<p>Despu\u00e9s se sumaron los aparatos para actividad f\u00edsica, la ermita de Ntra. Sra. de F\u00e1tima, parrilleros y bancos, \u00e1rboles, y se transform\u00f3 en un espacio recreativo del cual nos apropiamos todos los armstronenses. Tambi\u00e9n de nuestra responsabilidad depende el cuidado y la preservaci\u00f3n de este espacio.<\/p>\n\n\n\n<p>Asimismo, desde hace unos a\u00f1os Armstrong se sum\u00f3 a la propuesta Ciudades Educadoras, asumiendo el compromiso de \u201cEscuchar a la ciudad para transformarla\u201d como pol\u00edtica de estado para el desarrollo sustentable y equitativo y, teniendo en cuanta que el 30 de noviembre es el d\u00eda internacional de la Ciudad Educadora, el Intendente Dr. Verdecchia dio lectura a la Declaraci\u00f3n 2019.<\/p>\n\n\n\n<p><\/p>\n","protected":false},"excerpt":{"rendered":"<p>Iluminaci\u00f3n en el paseo saludable \u201cRen\u00e9 Favaloro\u201d<\/p>\n","protected":false},"author":1,"featured_media":23980,"comment_status":"open","ping_status":"open","sticky":false,"template":"","format":"image","meta":{"_jetpack_memberships_contains_paid_content":false,"footnotes":"","jetpack_publicize_message":"","jetpack_publicize_feature_enabled":true,"jetpack_social_post_already_shared":true,"jetpack_social_options":{"image_generator_settings":{"template":"highway","default_image_id":0,"enabled":false},"version":2}},"categories":[6,8,1,2],"tags":[],"class_list":["post-23979","post","type-post","status-publish","format-image","has-post-thumbnail","hentry","category-cultura-entretenimiento","category-deliberando","category-diario-armstrong","category-locales","post_format-post-format-image"],"jetpack_publicize_connections":[],"jetpack_featured_media_url":"https:\/\/armstrongyregion.com.ar\/diario\/wp-content\/uploads\/2019\/12\/foto_ilu_2.jpg","jetpack_shortlink":"https:\/\/wp.me\/p62QDO-6eL","jetpack_sharing_enabled":true,"amp_enabled":true,"_links":{"self":[{"href":"https:\/\/armstrongyregion.com.ar\/diario\/wp-json\/wp\/v2\/posts\/23979","targetHints":{"allow":["GET"]}}],"collection":[{"href":"https:\/\/armstrongyregion.com.ar\/diario\/wp-json\/wp\/v2\/posts"}],"about":[{"href":"https:\/\/armstrongyregion.com.ar\/diario\/wp-json\/wp\/v2\/types\/post"}],"author":[{"embeddable":true,"href":"https:\/\/armstrongyregion.com.ar\/diario\/wp-json\/wp\/v2\/users\/1"}],"replies":[{"embeddable":true,"href":"https:\/\/armstrongyregion.com.ar\/diario\/wp-json\/wp\/v2\/comments?post=23979"}],"version-history":[{"count":1,"href":"https:\/\/armstrongyregion.com.ar\/diario\/wp-json\/wp\/v2\/posts\/23979\/revisions"}],"predecessor-version":[{"id":23981,"href":"https:\/\/armstrongyregion.com.ar\/diario\/wp-json\/wp\/v2\/posts\/23979\/revisions\/23981"}],"wp:featuredmedia":[{"embeddable":true,"href":"https:\/\/armstrongyregion.com.ar\/diario\/wp-json\/wp\/v2\/media\/23980"}],"wp:attachment":[{"href":"https:\/\/armstrongyregion.com.ar\/diario\/wp-json\/wp\/v2\/media?parent=23979"}],"wp:term":[{"taxonomy":"category","embeddable":true,"href":"https:\/\/armstrongyregion.com.ar\/diario\/wp-json\/wp\/v2\/categories?post=23979"},{"taxonomy":"post_tag","embeddable":true,"href":"https:\/\/armstrongyregion.com.ar\/diario\/wp-json\/wp\/v2\/tags?post=23979"}],"curies":[{"name":"wp","href":"https:\/\/api.w.org\/{rel}","templated":true}]}}