{"id":23964,"date":"2019-12-03T15:53:18","date_gmt":"2019-12-03T15:53:18","guid":{"rendered":"https:\/\/armstrongyregion.com.ar\/diario\/?p=23964"},"modified":"2019-12-03T16:38:28","modified_gmt":"2019-12-03T16:38:28","slug":"deliberando-fiesta-pcial-del-asador-en-montes-de-oca","status":"publish","type":"post","link":"https:\/\/armstrongyregion.com.ar\/diario\/deliberando-fiesta-pcial-del-asador-en-montes-de-oca\/","title":{"rendered":"Deliberando: Fiesta Pcial. del Asador en Montes de Oca."},"content":{"rendered":"\n<figure class=\"wp-block-image\"><img loading=\"lazy\" decoding=\"async\" width=\"768\" height=\"576\" src=\"http:\/\/armstrongyregion.com.ar\/diario\/wp-content\/uploads\/2019\/12\/Bertino-Sacripanti.jpg\" alt=\"\" class=\"wp-image-23965\" srcset=\"https:\/\/armstrongyregion.com.ar\/diario\/wp-content\/uploads\/2019\/12\/Bertino-Sacripanti.jpg 768w, https:\/\/armstrongyregion.com.ar\/diario\/wp-content\/uploads\/2019\/12\/Bertino-Sacripanti-300x225.jpg 300w\" sizes=\"auto, (max-width: 768px) 100vw, 768px\" \/><\/figure>\n\n\n\n<h2 class=\"wp-block-heading\"> La localidad de Montes de Oca, ubicada en el departamento Belgrano a 147 kil\u00f3metros de Rosario, se prepara para la 10\u00aa edici\u00f3n de la Fiesta Provincial del Asador que tendr\u00e1 lugar el s\u00e1bado pr\u00f3ximo en el Athelic Club. <\/h2>\n\n\n\n<p>Hoy nuestros invitados, el actual Pte. Comunal de Montes de Oca Emanuel Sacripanti y el Pte. Comunal electo Gabriel Bertino, nos informaran detalles y novedades para esta nueva edici\u00f3n.<\/p>\n\n\n\n<p><\/p>\n","protected":false},"excerpt":{"rendered":"<p>Deliberando: Fiesta Pcial. del Asador en Montes de Oca.<\/p>\n","protected":false},"author":1,"featured_media":23965,"comment_status":"open","ping_status":"open","sticky":false,"template":"","format":"image","meta":{"_jetpack_memberships_contains_paid_content":false,"footnotes":"","jetpack_publicize_message":"","jetpack_publicize_feature_enabled":true,"jetpack_social_post_already_shared":true,"jetpack_social_options":{"image_generator_settings":{"template":"highway","default_image_id":0,"enabled":false},"version":2}},"categories":[8,1,2,7,3],"tags":[],"class_list":["post-23964","post","type-post","status-publish","format-image","has-post-thumbnail","hentry","category-deliberando","category-diario-armstrong","category-locales","category-politica","category-region","post_format-post-format-image"],"jetpack_publicize_connections":[],"jetpack_featured_media_url":"https:\/\/armstrongyregion.com.ar\/diario\/wp-content\/uploads\/2019\/12\/Bertino-Sacripanti.jpg","jetpack_shortlink":"https:\/\/wp.me\/p62QDO-6ew","jetpack_sharing_enabled":true,"amp_enabled":true,"_links":{"self":[{"href":"https:\/\/armstrongyregion.com.ar\/diario\/wp-json\/wp\/v2\/posts\/23964","targetHints":{"allow":["GET"]}}],"collection":[{"href":"https:\/\/armstrongyregion.com.ar\/diario\/wp-json\/wp\/v2\/posts"}],"about":[{"href":"https:\/\/armstrongyregion.com.ar\/diario\/wp-json\/wp\/v2\/types\/post"}],"author":[{"embeddable":true,"href":"https:\/\/armstrongyregion.com.ar\/diario\/wp-json\/wp\/v2\/users\/1"}],"replies":[{"embeddable":true,"href":"https:\/\/armstrongyregion.com.ar\/diario\/wp-json\/wp\/v2\/comments?post=23964"}],"version-history":[{"count":1,"href":"https:\/\/armstrongyregion.com.ar\/diario\/wp-json\/wp\/v2\/posts\/23964\/revisions"}],"predecessor-version":[{"id":23966,"href":"https:\/\/armstrongyregion.com.ar\/diario\/wp-json\/wp\/v2\/posts\/23964\/revisions\/23966"}],"wp:featuredmedia":[{"embeddable":true,"href":"https:\/\/armstrongyregion.com.ar\/diario\/wp-json\/wp\/v2\/media\/23965"}],"wp:attachment":[{"href":"https:\/\/armstrongyregion.com.ar\/diario\/wp-json\/wp\/v2\/media?parent=23964"}],"wp:term":[{"taxonomy":"category","embeddable":true,"href":"https:\/\/armstrongyregion.com.ar\/diario\/wp-json\/wp\/v2\/categories?post=23964"},{"taxonomy":"post_tag","embeddable":true,"href":"https:\/\/armstrongyregion.com.ar\/diario\/wp-json\/wp\/v2\/tags?post=23964"}],"curies":[{"name":"wp","href":"https:\/\/api.w.org\/{rel}","templated":true}]}}