{"id":23836,"date":"2019-11-21T01:37:45","date_gmt":"2019-11-21T01:37:45","guid":{"rendered":"https:\/\/armstrongyregion.com.ar\/diario\/?p=23836"},"modified":"2019-11-21T02:17:38","modified_gmt":"2019-11-21T02:17:38","slug":"armstrong-intervencion-colectiva-en-el-espacio-urbano-2","status":"publish","type":"post","link":"https:\/\/armstrongyregion.com.ar\/diario\/armstrong-intervencion-colectiva-en-el-espacio-urbano-2\/","title":{"rendered":"Armstrong. Contin\u00faan colocando nuevas luminarias LED."},"content":{"rendered":"\n<figure class=\"wp-block-image\"><img loading=\"lazy\" decoding=\"async\" width=\"768\" height=\"512\" src=\"http:\/\/armstrongyregion.com.ar\/diario\/wp-content\/uploads\/2019\/11\/led-noviembre19-.jpg\" alt=\"\" class=\"wp-image-23837\" srcset=\"https:\/\/armstrongyregion.com.ar\/diario\/wp-content\/uploads\/2019\/11\/led-noviembre19-.jpg 768w, https:\/\/armstrongyregion.com.ar\/diario\/wp-content\/uploads\/2019\/11\/led-noviembre19--300x200.jpg 300w\" sizes=\"auto, (max-width: 768px) 100vw, 768px\" \/><\/figure>\n\n\n\n<h2 class=\"wp-block-heading\"><\/h2>\n\n\n\n<p>El pasado viernes 15 de noviembre, pasadas las 20hs, se\nencendieron las nuevas luminarias led colocadas en el ingreso a la ciudad. (Cuffia\ny Fischer).<\/p>\n\n\n\n<figure class=\"wp-block-image\"><img loading=\"lazy\" decoding=\"async\" width=\"768\" height=\"512\" src=\"http:\/\/armstrongyregion.com.ar\/diario\/wp-content\/uploads\/2019\/11\/led-nov-19-c.jpg\" alt=\"\" class=\"wp-image-23838\" srcset=\"https:\/\/armstrongyregion.com.ar\/diario\/wp-content\/uploads\/2019\/11\/led-nov-19-c.jpg 768w, https:\/\/armstrongyregion.com.ar\/diario\/wp-content\/uploads\/2019\/11\/led-nov-19-c-300x200.jpg 300w\" sizes=\"auto, (max-width: 768px) 100vw, 768px\" \/><\/figure>\n\n\n\n<p>&nbsp;El intendente dr.\nPablo verdecchia y el ing. Ricardo Airasca recorrieron la nueva cuadra donde se\ncambiaron las luminarias, que dan no solo un menor consumo de energ\u00eda sino una\nmayor iluminaci\u00f3n al sector. El avance se logr\u00f3 gracias a una importante inversi\u00f3n\npor parte del municipio.<\/p>\n\n\n\n<p>Verdecchia destac\u00f3 que seguir\u00e1n avanzando a medida que se\npueda con el recambio de luminarias para nuestra ciudad.<\/p>\n\n\n\n<p><\/p>\n","protected":false},"excerpt":{"rendered":"<p>El pasado viernes 15 de noviembre, pasadas las 20hs, se encendieron las nuevas luminarias led colocadas en el ingreso a la ciudad. (Cuffia y Fischer). &nbsp;El intendente dr. Pablo verdecchia y el ing. Ricardo Airasca recorrieron la nueva cuadra donde se cambiaron las luminarias, que dan no solo un menor consumo de energ\u00eda sino una <a href=\"https:\/\/armstrongyregion.com.ar\/diario\/armstrong-intervencion-colectiva-en-el-espacio-urbano-2\/\" title=\"Read more\" >&#8230;<\/a><\/p>\n","protected":false},"author":1,"featured_media":23837,"comment_status":"open","ping_status":"open","sticky":false,"template":"","format":"image","meta":{"_jetpack_memberships_contains_paid_content":false,"footnotes":"","jetpack_publicize_message":"","jetpack_publicize_feature_enabled":true,"jetpack_social_post_already_shared":true,"jetpack_social_options":{"image_generator_settings":{"template":"highway","default_image_id":0,"enabled":false},"version":2}},"categories":[8,1,2,7],"tags":[],"class_list":["post-23836","post","type-post","status-publish","format-image","has-post-thumbnail","hentry","category-deliberando","category-diario-armstrong","category-locales","category-politica","post_format-post-format-image"],"jetpack_publicize_connections":[],"jetpack_featured_media_url":"https:\/\/armstrongyregion.com.ar\/diario\/wp-content\/uploads\/2019\/11\/led-noviembre19-.jpg","jetpack_shortlink":"https:\/\/wp.me\/p62QDO-6cs","jetpack_sharing_enabled":true,"amp_enabled":true,"_links":{"self":[{"href":"https:\/\/armstrongyregion.com.ar\/diario\/wp-json\/wp\/v2\/posts\/23836","targetHints":{"allow":["GET"]}}],"collection":[{"href":"https:\/\/armstrongyregion.com.ar\/diario\/wp-json\/wp\/v2\/posts"}],"about":[{"href":"https:\/\/armstrongyregion.com.ar\/diario\/wp-json\/wp\/v2\/types\/post"}],"author":[{"embeddable":true,"href":"https:\/\/armstrongyregion.com.ar\/diario\/wp-json\/wp\/v2\/users\/1"}],"replies":[{"embeddable":true,"href":"https:\/\/armstrongyregion.com.ar\/diario\/wp-json\/wp\/v2\/comments?post=23836"}],"version-history":[{"count":2,"href":"https:\/\/armstrongyregion.com.ar\/diario\/wp-json\/wp\/v2\/posts\/23836\/revisions"}],"predecessor-version":[{"id":23840,"href":"https:\/\/armstrongyregion.com.ar\/diario\/wp-json\/wp\/v2\/posts\/23836\/revisions\/23840"}],"wp:featuredmedia":[{"embeddable":true,"href":"https:\/\/armstrongyregion.com.ar\/diario\/wp-json\/wp\/v2\/media\/23837"}],"wp:attachment":[{"href":"https:\/\/armstrongyregion.com.ar\/diario\/wp-json\/wp\/v2\/media?parent=23836"}],"wp:term":[{"taxonomy":"category","embeddable":true,"href":"https:\/\/armstrongyregion.com.ar\/diario\/wp-json\/wp\/v2\/categories?post=23836"},{"taxonomy":"post_tag","embeddable":true,"href":"https:\/\/armstrongyregion.com.ar\/diario\/wp-json\/wp\/v2\/tags?post=23836"}],"curies":[{"name":"wp","href":"https:\/\/api.w.org\/{rel}","templated":true}]}}