{"id":23833,"date":"2019-11-21T01:15:19","date_gmt":"2019-11-21T01:15:19","guid":{"rendered":"https:\/\/armstrongyregion.com.ar\/diario\/?p=23833"},"modified":"2019-11-21T01:15:25","modified_gmt":"2019-11-21T01:15:25","slug":"armstrong-intervencion-colectiva-en-el-espacio-urbano","status":"publish","type":"post","link":"https:\/\/armstrongyregion.com.ar\/diario\/armstrong-intervencion-colectiva-en-el-espacio-urbano\/","title":{"rendered":"Armstrong. Intervenci\u00f3n colectiva en el espacio urbano."},"content":{"rendered":"\n<figure class=\"wp-block-image\"><img loading=\"lazy\" decoding=\"async\" width=\"768\" height=\"419\" src=\"http:\/\/armstrongyregion.com.ar\/diario\/wp-content\/uploads\/2019\/11\/20191119_180836_compress27.jpg\" alt=\"\" class=\"wp-image-23834\" srcset=\"https:\/\/armstrongyregion.com.ar\/diario\/wp-content\/uploads\/2019\/11\/20191119_180836_compress27.jpg 768w, https:\/\/armstrongyregion.com.ar\/diario\/wp-content\/uploads\/2019\/11\/20191119_180836_compress27-300x164.jpg 300w\" sizes=\"auto, (max-width: 768px) 100vw, 768px\" \/><\/figure>\n\n\n\n<h2 class=\"wp-block-heading\"><\/h2>\n\n\n\n<p>En el contexto de los festejos \u201cArmstrong Tierra M\u00eda\u201d por un nuevo aniversario de Armstrong, hasta el a\u00f1o pasado se hab\u00eda realizado la convocatoria para alumnos de los niveles inicial y primario con ilustraciones individuales, trabajando con la identidad, observaci\u00f3n y pertenencia a la ciudad.<\/p>\n\n\n\n<p>Este a\u00f1o, y a partir de reuniones llevadas a cabo con directivos de las escuelas y docentes de actividades art\u00edsticas, pl\u00e1sticas, tecnolog\u00eda, se ha decidido cambiar la modalidad hacia lo colectivo.<\/p>\n\n\n\n<p>Con mucho trabajo previo de todas las escuelas y de la Secretar\u00eda de Educaci\u00f3n, Cultura y Deporte del municipio local y muy buena predisposici\u00f3n, desde ahora se congrega a niveles inicial, primario y secundario.&nbsp;<\/p>\n\n\n\n<p>Con la curadur\u00eda de la artista Silvana L\u00f3pez Marelli se logr\u00f3 construir este proyecto que quedar\u00e1 plasmado los d\u00edas mi\u00e9rcoles 20 de noviembre, de 8 a 12 hs y de 13:30 a 16:30 hs., y jueves 21, de 13:30 a 16:30 hs., aproximadamente, en la calle recreativa Virgen de la Merced.<\/p>\n\n\n\n<p>Cada instituci\u00f3n presentar\u00e1 su propuesta a toda la comunidad con ricas y variadas ideas: emociones, inclusi\u00f3n, identidad, colores, bocetos, reciclaje, en diferentes manifestaciones y expresiones art\u00edsticas.<\/p>\n\n\n\n<p>Se invita al p\u00fablico a acercarse y participar acompa\u00f1ando a los ni\u00f1os, j\u00f3venes y docentes&nbsp; y a ser parte de estas intervenciones colectivas durante ambas jornadas recreativas de arte y expresi\u00f3n.<\/p>\n\n\n\n<p><\/p>\n","protected":false},"excerpt":{"rendered":"<p>En el contexto de los festejos \u201cArmstrong Tierra M\u00eda\u201d por un nuevo aniversario de Armstrong, hasta el a\u00f1o pasado se hab\u00eda realizado la convocatoria para alumnos de los niveles inicial y primario con ilustraciones individuales, trabajando con la identidad, observaci\u00f3n y pertenencia a la ciudad. Este a\u00f1o, y a partir de reuniones llevadas a cabo <a href=\"https:\/\/armstrongyregion.com.ar\/diario\/armstrong-intervencion-colectiva-en-el-espacio-urbano\/\" title=\"Read more\" >&#8230;<\/a><\/p>\n","protected":false},"author":1,"featured_media":23834,"comment_status":"open","ping_status":"open","sticky":false,"template":"","format":"image","meta":{"_jetpack_memberships_contains_paid_content":false,"footnotes":"","jetpack_publicize_message":"","jetpack_publicize_feature_enabled":true,"jetpack_social_post_already_shared":true,"jetpack_social_options":{"image_generator_settings":{"template":"highway","default_image_id":0,"enabled":false},"version":2}},"categories":[6,8,1,2],"tags":[],"class_list":["post-23833","post","type-post","status-publish","format-image","has-post-thumbnail","hentry","category-cultura-entretenimiento","category-deliberando","category-diario-armstrong","category-locales","post_format-post-format-image"],"jetpack_publicize_connections":[],"jetpack_featured_media_url":"https:\/\/armstrongyregion.com.ar\/diario\/wp-content\/uploads\/2019\/11\/20191119_180836_compress27.jpg","jetpack_shortlink":"https:\/\/wp.me\/p62QDO-6cp","jetpack_sharing_enabled":true,"amp_enabled":true,"_links":{"self":[{"href":"https:\/\/armstrongyregion.com.ar\/diario\/wp-json\/wp\/v2\/posts\/23833","targetHints":{"allow":["GET"]}}],"collection":[{"href":"https:\/\/armstrongyregion.com.ar\/diario\/wp-json\/wp\/v2\/posts"}],"about":[{"href":"https:\/\/armstrongyregion.com.ar\/diario\/wp-json\/wp\/v2\/types\/post"}],"author":[{"embeddable":true,"href":"https:\/\/armstrongyregion.com.ar\/diario\/wp-json\/wp\/v2\/users\/1"}],"replies":[{"embeddable":true,"href":"https:\/\/armstrongyregion.com.ar\/diario\/wp-json\/wp\/v2\/comments?post=23833"}],"version-history":[{"count":1,"href":"https:\/\/armstrongyregion.com.ar\/diario\/wp-json\/wp\/v2\/posts\/23833\/revisions"}],"predecessor-version":[{"id":23835,"href":"https:\/\/armstrongyregion.com.ar\/diario\/wp-json\/wp\/v2\/posts\/23833\/revisions\/23835"}],"wp:featuredmedia":[{"embeddable":true,"href":"https:\/\/armstrongyregion.com.ar\/diario\/wp-json\/wp\/v2\/media\/23834"}],"wp:attachment":[{"href":"https:\/\/armstrongyregion.com.ar\/diario\/wp-json\/wp\/v2\/media?parent=23833"}],"wp:term":[{"taxonomy":"category","embeddable":true,"href":"https:\/\/armstrongyregion.com.ar\/diario\/wp-json\/wp\/v2\/categories?post=23833"},{"taxonomy":"post_tag","embeddable":true,"href":"https:\/\/armstrongyregion.com.ar\/diario\/wp-json\/wp\/v2\/tags?post=23833"}],"curies":[{"name":"wp","href":"https:\/\/api.w.org\/{rel}","templated":true}]}}