{"id":23830,"date":"2019-11-21T01:10:45","date_gmt":"2019-11-21T01:10:45","guid":{"rendered":"https:\/\/armstrongyregion.com.ar\/diario\/?p=23830"},"modified":"2019-11-21T01:10:51","modified_gmt":"2019-11-21T01:10:51","slug":"correa-ya-tiene-su-museo-comunal","status":"publish","type":"post","link":"https:\/\/armstrongyregion.com.ar\/diario\/correa-ya-tiene-su-museo-comunal\/","title":{"rendered":"Correa ya tiene su Museo Comunal."},"content":{"rendered":"\n<figure class=\"wp-block-image\"><img loading=\"lazy\" decoding=\"async\" width=\"768\" height=\"432\" src=\"http:\/\/armstrongyregion.com.ar\/diario\/wp-content\/uploads\/2019\/11\/Museo-Comunal.jpeg\" alt=\"\" class=\"wp-image-23831\" srcset=\"https:\/\/armstrongyregion.com.ar\/diario\/wp-content\/uploads\/2019\/11\/Museo-Comunal.jpeg 768w, https:\/\/armstrongyregion.com.ar\/diario\/wp-content\/uploads\/2019\/11\/Museo-Comunal-300x169.jpeg 300w\" sizes=\"auto, (max-width: 768px) 100vw, 768px\" \/><\/figure>\n\n\n\n<h2 class=\"wp-block-heading\"><\/h2>\n\n\n\n<p>Tras un arduo y extenso trabajo, se inaugur\u00f3 el Museo Comunal \u201cVilla \u00c1ngela\u201d en la m\u00edtica casona ubicada en Bv. 9 de Julio e Yrigoyen. Este nuevo espacio cuenta con una sala principal que lleva el nombre de \u201cSilvia Terzoni de Spinelli\u201d, y un archivo y reserva hist\u00f3rica en memoria del \u201cPadre Ignacio Canavera\u201d.<\/p>\n\n\n\n<p>El acto tuvo lugar en la tarde noche del pasado jueves, y cont\u00f3 con la presencia Diego Fontanesi, presidente de la Asociaci\u00f3n de Museos de la provincia de Santa Fe, Luciano Rey, subdirector de Patrimonio Provincial, representantes de las distintas instituciones de nuestro pueblo y un gran n\u00famero de vecinos.<\/p>\n\n\n\n<p>Tras las palabras del presidente comunal, Fabi\u00e1n Cejas, y la Coordinadora general del Museo, Cecilia Dibono, se hizo entrega de un reconocimiento a quienes conformaron la primera comisi\u00f3n directiva del museo comunal.<\/p>\n\n\n\n<p>\u201cCompletamos el proyecto so\u00f1ado. La Escuela Comunal de M\u00fasica en 2014 y Museo Comunal Villa \u00c1ngela en 2019. Coincidiendo \u00e9ste 14 de noviembre con la creaci\u00f3n de la 1er Comisi\u00f3n de Fomento en 1901. Gracias Cecilia, Julieta, Eliana, Mabel, Mariano y Sebasti\u00e1n por \u00e9stos momentos tan gratos\u201d, expres\u00f3 Cejas.<\/p>\n\n\n\n<p><\/p>\n","protected":false},"excerpt":{"rendered":"<p>Tras un arduo y extenso trabajo, se inaugur\u00f3 el Museo Comunal \u201cVilla \u00c1ngela\u201d en la m\u00edtica casona ubicada en Bv. 9 de Julio e Yrigoyen. Este nuevo espacio cuenta con una sala principal que lleva el nombre de \u201cSilvia Terzoni de Spinelli\u201d, y un archivo y reserva hist\u00f3rica en memoria del \u201cPadre Ignacio Canavera\u201d. El <a href=\"https:\/\/armstrongyregion.com.ar\/diario\/correa-ya-tiene-su-museo-comunal\/\" title=\"Read more\" >&#8230;<\/a><\/p>\n","protected":false},"author":1,"featured_media":23831,"comment_status":"open","ping_status":"open","sticky":false,"template":"","format":"image","meta":{"_jetpack_memberships_contains_paid_content":false,"footnotes":"","jetpack_publicize_message":"","jetpack_publicize_feature_enabled":true,"jetpack_social_post_already_shared":true,"jetpack_social_options":{"image_generator_settings":{"template":"highway","default_image_id":0,"enabled":false},"version":2}},"categories":[6,8,1,7,3],"tags":[],"class_list":["post-23830","post","type-post","status-publish","format-image","has-post-thumbnail","hentry","category-cultura-entretenimiento","category-deliberando","category-diario-armstrong","category-politica","category-region","post_format-post-format-image"],"jetpack_publicize_connections":[],"jetpack_featured_media_url":"https:\/\/armstrongyregion.com.ar\/diario\/wp-content\/uploads\/2019\/11\/Museo-Comunal.jpeg","jetpack_shortlink":"https:\/\/wp.me\/p62QDO-6cm","jetpack_sharing_enabled":true,"amp_enabled":true,"_links":{"self":[{"href":"https:\/\/armstrongyregion.com.ar\/diario\/wp-json\/wp\/v2\/posts\/23830","targetHints":{"allow":["GET"]}}],"collection":[{"href":"https:\/\/armstrongyregion.com.ar\/diario\/wp-json\/wp\/v2\/posts"}],"about":[{"href":"https:\/\/armstrongyregion.com.ar\/diario\/wp-json\/wp\/v2\/types\/post"}],"author":[{"embeddable":true,"href":"https:\/\/armstrongyregion.com.ar\/diario\/wp-json\/wp\/v2\/users\/1"}],"replies":[{"embeddable":true,"href":"https:\/\/armstrongyregion.com.ar\/diario\/wp-json\/wp\/v2\/comments?post=23830"}],"version-history":[{"count":1,"href":"https:\/\/armstrongyregion.com.ar\/diario\/wp-json\/wp\/v2\/posts\/23830\/revisions"}],"predecessor-version":[{"id":23832,"href":"https:\/\/armstrongyregion.com.ar\/diario\/wp-json\/wp\/v2\/posts\/23830\/revisions\/23832"}],"wp:featuredmedia":[{"embeddable":true,"href":"https:\/\/armstrongyregion.com.ar\/diario\/wp-json\/wp\/v2\/media\/23831"}],"wp:attachment":[{"href":"https:\/\/armstrongyregion.com.ar\/diario\/wp-json\/wp\/v2\/media?parent=23830"}],"wp:term":[{"taxonomy":"category","embeddable":true,"href":"https:\/\/armstrongyregion.com.ar\/diario\/wp-json\/wp\/v2\/categories?post=23830"},{"taxonomy":"post_tag","embeddable":true,"href":"https:\/\/armstrongyregion.com.ar\/diario\/wp-json\/wp\/v2\/tags?post=23830"}],"curies":[{"name":"wp","href":"https:\/\/api.w.org\/{rel}","templated":true}]}}