{"id":23794,"date":"2019-11-18T22:54:49","date_gmt":"2019-11-18T22:54:49","guid":{"rendered":"https:\/\/armstrongyregion.com.ar\/diario\/?p=23794"},"modified":"2019-11-18T22:55:27","modified_gmt":"2019-11-18T22:55:27","slug":"roldan-la-escuela-de-las-rosas-participo-del-10-encuentro-de-tenis-adaptado","status":"publish","type":"post","link":"https:\/\/armstrongyregion.com.ar\/diario\/roldan-la-escuela-de-las-rosas-participo-del-10-encuentro-de-tenis-adaptado\/","title":{"rendered":"Rold\u00e1n: la Escuela de Las Rosas particip\u00f3 del 10\u00b0 Encuentro de Tenis adaptado"},"content":{"rendered":"\n<figure class=\"wp-block-image\"><img loading=\"lazy\" decoding=\"async\" width=\"768\" height=\"577\" src=\"http:\/\/armstrongyregion.com.ar\/diario\/wp-content\/uploads\/2019\/11\/tenis-adaptado.jpg\" alt=\"\" class=\"wp-image-23795\" srcset=\"https:\/\/armstrongyregion.com.ar\/diario\/wp-content\/uploads\/2019\/11\/tenis-adaptado.jpg 768w, https:\/\/armstrongyregion.com.ar\/diario\/wp-content\/uploads\/2019\/11\/tenis-adaptado-300x225.jpg 300w\" sizes=\"auto, (max-width: 768px) 100vw, 768px\" \/><\/figure>\n\n\n\n<h2 class=\"wp-block-heading\"> Organizado por la la Fundaci\u00f3n Estar, del extenista Eduardo Schwank, el evento se realiz\u00f3 este domingo 17 de noviembre. <\/h2>\n\n\n\n<p>El evento se desarroll\u00f3 en las canchas del Schwank Tennis Center, ubicado en el barrio Tierra de Sue\u00f1os 2, de Rold\u00e1n, desde las 8.30 y hasta las 14. All\u00ed alrededor de cien j\u00f3venes con discapacidad, de distintas localidades de Santa Fe, pudieron ejercer su derecho a jugar y a competir por su trofeo.&nbsp;<\/p>\n\n\n\n<figure class=\"wp-block-image\"><img decoding=\"async\" src=\"http:\/\/lasrosasdigital.com.ar\/download\/multimedia.normal.8c4e12af239ae2ca.74656e697320746f646f735f6e6f726d616c2e6a7067.jpg\" alt=\"tenis todos\"\/><\/figure>\n\n\n\n<p>La Escuela de Tenis Adaptado Las Rosas -apadrinada por Leonardo Ponzio- estuvo presente, llevando el entusiasmo de todos los chicos que frecuentan sus actividades.<\/p>\n\n\n\n<p><em>\u00abCada d\u00eda seguimos creciendo y luchando para que ellos disfruten de estos momentos. Es una gran alegr\u00eda para todos poder participar de estos torneo.<\/em>&nbsp;\u00ab, dijo Marcos Di Santo, coordinador de Deporte Adaptado de Las Rosas.<\/p>\n\n\n\n<figure class=\"wp-block-image\"><img decoding=\"async\" src=\"http:\/\/lasrosasdigital.com.ar\/download\/multimedia.normal.a32c4b5e4c3eacef.74656e6973206d6564616c6c6173206d6f736169636f5f6e6f726d616c2e6a7067.jpg\" alt=\"tenis medallas mosaico\"\/><\/figure>\n\n\n\n<p>Por su parte, desde la\u00a0\u00a0<a rel=\"noreferrer noopener\" href=\"https:\/\/www.facebook.com\/permalink.php?story_fbid=1139374309566477&amp;id=102826179887967&amp;__xts__[0]=68.ARCSAKOVI2sBBjX8SPek3L3_w2KXFLU6VzXc2-OJ2wdyaLxvFau9ljGEFwUw15oXAbXdHdUu-4Hhgjq5glYAzRsviIq8MvUU88ubtBY_Osk_lP9OcqYR7-_h_lR3xnSJX0oJV5w3s_1I57jF_2nTPqwZ04HV8wlj0O27FFS7u5QbmNc1tOCNd2BYkYjiSEwV459-EH_3pGRn0qbvvVtHob3Rxjh6v1IqhnEEgVogva94BDVMnKvrbxX011mvR1Xsc1APP4cbpB6S-HfneeGJIHA0qTcgGwNTyA-kz4UjeXNpFMlNMLlievj2P9W1lAImTIRfKYrjN5FsLPNQd5eEje_yRQ&amp;__tn__=-R\" target=\"_blank\">Fundaci\u00f3n Estar Eduardo Schwank<\/a>\u00a0expresaron que fue\u00a0<em>\u00abun hermoso d\u00eda compartiendo con los chicos. Competencia, compa\u00f1erismo y mucha diversi\u00f3n\u00bb.<\/em>\u00a0Y agradecieron \u00ab<em>a todos lo que hicieron posible llevar a cabo estos lindos momentos. Instituciones, profesores, padres , chicos y empresas que brindaron su apoyo para la realizaci\u00f3n, con total desinter\u00e9s\u00bb.<\/em><strong>Fundaci\u00f3n Estar.<\/strong>\u00a0Cuenta con 14 escuelas de tenis creadas en distintas localidades de la provincia de Santa Fe. Tienen una participaci\u00f3n activa con diferentes instituciones vinculadas a la discapacidad y persigue el fin de hacer cumplir lo establecido por la Convenci\u00f3n Internacional sobre los Derechos de las Personas con Discapacidad que indica entre sus art\u00edculos el derecho a vivir de manera independiente, a ser incluido en la comunidad, a la movilidad, habilitaci\u00f3n y rehabilitaci\u00f3n, a la participaci\u00f3n en la vida pol\u00edtica, p\u00fablica, cultural, as\u00ed como a la recreaci\u00f3n y al deporte.\u00a0<\/p>\n\n\n\n<p>Las Rosas Digital.<\/p>\n","protected":false},"excerpt":{"rendered":"<p>Rold\u00e1n: la Escuela de Las Rosas particip\u00f3 del 10\u00b0 Encuentro de Tenis adaptado<\/p>\n","protected":false},"author":1,"featured_media":23795,"comment_status":"open","ping_status":"open","sticky":false,"template":"","format":"image","meta":{"_jetpack_memberships_contains_paid_content":false,"footnotes":"","jetpack_publicize_message":"","jetpack_publicize_feature_enabled":true,"jetpack_social_post_already_shared":true,"jetpack_social_options":{"image_generator_settings":{"template":"highway","default_image_id":0,"enabled":false},"version":2}},"categories":[8,5,1,3],"tags":[],"class_list":["post-23794","post","type-post","status-publish","format-image","has-post-thumbnail","hentry","category-deliberando","category-deportes","category-diario-armstrong","category-region","post_format-post-format-image"],"jetpack_publicize_connections":[],"jetpack_featured_media_url":"https:\/\/armstrongyregion.com.ar\/diario\/wp-content\/uploads\/2019\/11\/tenis-adaptado.jpg","jetpack_shortlink":"https:\/\/wp.me\/p62QDO-6bM","jetpack_sharing_enabled":true,"amp_enabled":true,"_links":{"self":[{"href":"https:\/\/armstrongyregion.com.ar\/diario\/wp-json\/wp\/v2\/posts\/23794","targetHints":{"allow":["GET"]}}],"collection":[{"href":"https:\/\/armstrongyregion.com.ar\/diario\/wp-json\/wp\/v2\/posts"}],"about":[{"href":"https:\/\/armstrongyregion.com.ar\/diario\/wp-json\/wp\/v2\/types\/post"}],"author":[{"embeddable":true,"href":"https:\/\/armstrongyregion.com.ar\/diario\/wp-json\/wp\/v2\/users\/1"}],"replies":[{"embeddable":true,"href":"https:\/\/armstrongyregion.com.ar\/diario\/wp-json\/wp\/v2\/comments?post=23794"}],"version-history":[{"count":2,"href":"https:\/\/armstrongyregion.com.ar\/diario\/wp-json\/wp\/v2\/posts\/23794\/revisions"}],"predecessor-version":[{"id":23797,"href":"https:\/\/armstrongyregion.com.ar\/diario\/wp-json\/wp\/v2\/posts\/23794\/revisions\/23797"}],"wp:featuredmedia":[{"embeddable":true,"href":"https:\/\/armstrongyregion.com.ar\/diario\/wp-json\/wp\/v2\/media\/23795"}],"wp:attachment":[{"href":"https:\/\/armstrongyregion.com.ar\/diario\/wp-json\/wp\/v2\/media?parent=23794"}],"wp:term":[{"taxonomy":"category","embeddable":true,"href":"https:\/\/armstrongyregion.com.ar\/diario\/wp-json\/wp\/v2\/categories?post=23794"},{"taxonomy":"post_tag","embeddable":true,"href":"https:\/\/armstrongyregion.com.ar\/diario\/wp-json\/wp\/v2\/tags?post=23794"}],"curies":[{"name":"wp","href":"https:\/\/api.w.org\/{rel}","templated":true}]}}