{"id":23788,"date":"2019-11-18T22:48:21","date_gmt":"2019-11-18T22:48:21","guid":{"rendered":"https:\/\/armstrongyregion.com.ar\/diario\/?p=23788"},"modified":"2019-11-18T22:48:27","modified_gmt":"2019-11-18T22:48:27","slug":"bonfatti-junto-a-lideres-progresistas-de-todo-el-mundo","status":"publish","type":"post","link":"https:\/\/armstrongyregion.com.ar\/diario\/bonfatti-junto-a-lideres-progresistas-de-todo-el-mundo\/","title":{"rendered":"Bonfatti junto a l\u00edderes progresistas de todo el mundo."},"content":{"rendered":"\n<figure class=\"wp-block-image\"><img loading=\"lazy\" decoding=\"async\" width=\"520\" height=\"500\" src=\"http:\/\/armstrongyregion.com.ar\/diario\/wp-content\/uploads\/2019\/11\/Alianza-1.jpeg\" alt=\"\" class=\"wp-image-23789\" srcset=\"https:\/\/armstrongyregion.com.ar\/diario\/wp-content\/uploads\/2019\/11\/Alianza-1.jpeg 520w, https:\/\/armstrongyregion.com.ar\/diario\/wp-content\/uploads\/2019\/11\/Alianza-1-300x288.jpeg 300w\" sizes=\"auto, (max-width: 520px) 100vw, 520px\" \/><\/figure>\n\n\n\n<h2 class=\"wp-block-heading\"><\/h2>\n\n\n\n<p>El presidente del Partido Socialista (PS), Antonio Bonfatti, particip\u00f3 en la ciudad de Estocolmo, Suecia, de la Convenci\u00f3n de la Alianza Progresista, en el que Bonfatti fue ratificado como miembro de la conducci\u00f3n del organismo por tres a\u00f1os m\u00e1s, y se suscribi\u00f3 un documento por el cual pidieron por la libertad definitiva del expresidente de Brasil, Luiz In\u00e1cio Lula da Silva.<\/p>\n\n\n\n<p>En ese marco, Bonfatti mantuvo encuentros con el presidente del Partido Socialdem\u00f3crata Sueco (SAP), y primer ministro de Suecia, Stefan L\u00f6fven; el primer ministro de Portugal, Ant\u00f3nio Costa; en el que participaron, entre otros, el primer ministro de Finlandia, Antti Rinne, y el presidente de la Autoridad Nacional Palestina, Mahmoud Abbas.<\/p>\n\n\n\n<figure class=\"wp-block-image\"><img loading=\"lazy\" decoding=\"async\" width=\"537\" height=\"500\" src=\"http:\/\/armstrongyregion.com.ar\/diario\/wp-content\/uploads\/2019\/11\/Alianza-2.jpeg\" alt=\"\" class=\"wp-image-23790\" srcset=\"https:\/\/armstrongyregion.com.ar\/diario\/wp-content\/uploads\/2019\/11\/Alianza-2.jpeg 537w, https:\/\/armstrongyregion.com.ar\/diario\/wp-content\/uploads\/2019\/11\/Alianza-2-300x279.jpeg 300w\" sizes=\"auto, (max-width: 537px) 100vw, 537px\" \/><\/figure>\n\n\n\n<p>Entre los desaf\u00edos de la agenda progresista, se debati\u00f3 sobre los desaf\u00edos del movimiento, y el cambio clim\u00e1tico, as\u00ed como la lucha por un futuro libre, justo y pac\u00edfico, adem\u00e1s de pedir por la libertad definitiva del expresidente de Brasil, Luiz In\u00e1cio Lula da Silva.<\/p>\n\n\n\n<p>En tanto, el bloque latinoamericano, expres\u00f3 su preocupaci\u00f3n por la situaci\u00f3n de la democracia en la regi\u00f3n, entre los que se destacan los hechos de violencia que sacuden a Chile, el golpe de estado en Bolivia, al igual mismo tiempo que se manifest\u00f3 respecto a la delicada situaci\u00f3n que se vive en Venezuela, Nicaragua, y Ecuador.<\/p>\n\n\n\n<p><strong>Futuro del trabajo<\/strong><\/p>\n\n\n\n<p>En el transcurso de los debates, tambi\u00e9n se abord\u00f3 la digitalizaci\u00f3n, el futuro del trabajo, y las transformaciones provocadas por la revoluci\u00f3n digital. Ante ese escenario plantearon \u201cestablecer reglas para los mercados y los actores, con el fin de impedir la explotaci\u00f3n\u201d, al tiempo que se inst\u00f3 a&nbsp; \u00abadecuar los sistemas tributarios nacionales e internacionales a las nuevas formas empresariales. Como casi todo emprendimiento privado, aprovechan el uso de la infraestructura y los bienes p\u00fablicos, por ello deber\u00edan contribuir a los ingresos de los estados donde se generan sus ganancias\u00bb.<\/p>\n\n\n\n<p>\u201cLa digitilizaci\u00f3n ha suscitado esperanzas, pero tambi\u00e9n ha provocado temores. No obstante, la vida y las actividades de una comunidad son financiadas a trav\u00e9s del trabajo humano, y el desaf\u00edo es configurar estas inmensas transformaciones provocadas por la revoluci\u00f3n digital de una manera social y justa en todo el mundo\u201d, subrayaron los l\u00edderes progresistas.<\/p>\n\n\n\n<p>El encuentro, que se realiz\u00f3 bajo la consigna: \u201cUna agenda progresista para el futuro del trabajo, la sostenibilidad y la solidaridad\u201d, reuni\u00f3 a representantes de m\u00e1s de 140 partidos de centro izquierda de todo el mundo, entre ellos, de nuestra regi\u00f3n, el Partido de los Trabajadores de Brasil, el Frente Amplio de Uruguay, y el Partido Socialista chileno.<\/p>\n\n\n\n<p><strong>Alianza Progresista<\/strong><\/p>\n\n\n\n<p>La Alianza Progresista fue fundada por partidos pol\u00edticos progresistas, la mayor\u00eda de los cuales son miembros o ex miembros de la Internacional Socialista. Desde 2013, esta organizaci\u00f3n desarrolla Conferencias y encuentros en distintos pa\u00edses del mundo con el objetivo de promover el intercambio, el debate y el fortalecimiento de la integridad organizativa de los partidos.-<\/p>\n\n\n\n<p><\/p>\n","protected":false},"excerpt":{"rendered":"<p>Bonfatti junto a l\u00edderes progresistas de todo el mundo<\/p>\n","protected":false},"author":1,"featured_media":23789,"comment_status":"open","ping_status":"open","sticky":false,"template":"","format":"image","meta":{"_jetpack_memberships_contains_paid_content":false,"footnotes":"","jetpack_publicize_message":"","jetpack_publicize_feature_enabled":true,"jetpack_social_post_already_shared":true,"jetpack_social_options":{"image_generator_settings":{"template":"highway","default_image_id":0,"enabled":false},"version":2}},"categories":[8,1,2,7,3],"tags":[],"class_list":["post-23788","post","type-post","status-publish","format-image","has-post-thumbnail","hentry","category-deliberando","category-diario-armstrong","category-locales","category-politica","category-region","post_format-post-format-image"],"jetpack_publicize_connections":[],"jetpack_featured_media_url":"https:\/\/armstrongyregion.com.ar\/diario\/wp-content\/uploads\/2019\/11\/Alianza-1.jpeg","jetpack_shortlink":"https:\/\/wp.me\/p62QDO-6bG","jetpack_sharing_enabled":true,"amp_enabled":true,"_links":{"self":[{"href":"https:\/\/armstrongyregion.com.ar\/diario\/wp-json\/wp\/v2\/posts\/23788","targetHints":{"allow":["GET"]}}],"collection":[{"href":"https:\/\/armstrongyregion.com.ar\/diario\/wp-json\/wp\/v2\/posts"}],"about":[{"href":"https:\/\/armstrongyregion.com.ar\/diario\/wp-json\/wp\/v2\/types\/post"}],"author":[{"embeddable":true,"href":"https:\/\/armstrongyregion.com.ar\/diario\/wp-json\/wp\/v2\/users\/1"}],"replies":[{"embeddable":true,"href":"https:\/\/armstrongyregion.com.ar\/diario\/wp-json\/wp\/v2\/comments?post=23788"}],"version-history":[{"count":1,"href":"https:\/\/armstrongyregion.com.ar\/diario\/wp-json\/wp\/v2\/posts\/23788\/revisions"}],"predecessor-version":[{"id":23791,"href":"https:\/\/armstrongyregion.com.ar\/diario\/wp-json\/wp\/v2\/posts\/23788\/revisions\/23791"}],"wp:featuredmedia":[{"embeddable":true,"href":"https:\/\/armstrongyregion.com.ar\/diario\/wp-json\/wp\/v2\/media\/23789"}],"wp:attachment":[{"href":"https:\/\/armstrongyregion.com.ar\/diario\/wp-json\/wp\/v2\/media?parent=23788"}],"wp:term":[{"taxonomy":"category","embeddable":true,"href":"https:\/\/armstrongyregion.com.ar\/diario\/wp-json\/wp\/v2\/categories?post=23788"},{"taxonomy":"post_tag","embeddable":true,"href":"https:\/\/armstrongyregion.com.ar\/diario\/wp-json\/wp\/v2\/tags?post=23788"}],"curies":[{"name":"wp","href":"https:\/\/api.w.org\/{rel}","templated":true}]}}