{"id":23779,"date":"2019-11-15T11:04:16","date_gmt":"2019-11-15T11:04:16","guid":{"rendered":"https:\/\/armstrongyregion.com.ar\/diario\/?p=23779"},"modified":"2019-11-15T11:04:22","modified_gmt":"2019-11-15T11:04:22","slug":"armstrong-domingo-17-sabores-y-colores-locales","status":"publish","type":"post","link":"https:\/\/armstrongyregion.com.ar\/diario\/armstrong-domingo-17-sabores-y-colores-locales\/","title":{"rendered":"Armstrong. Domingo 17 Sabores y Colores Locales."},"content":{"rendered":"\n<figure class=\"wp-block-image\"><img loading=\"lazy\" decoding=\"async\" width=\"768\" height=\"576\" src=\"http:\/\/armstrongyregion.com.ar\/diario\/wp-content\/uploads\/2019\/11\/feria_17_noviembre_2019.jpg\" alt=\"\" class=\"wp-image-23780\" srcset=\"https:\/\/armstrongyregion.com.ar\/diario\/wp-content\/uploads\/2019\/11\/feria_17_noviembre_2019.jpg 768w, https:\/\/armstrongyregion.com.ar\/diario\/wp-content\/uploads\/2019\/11\/feria_17_noviembre_2019-300x225.jpg 300w\" sizes=\"auto, (max-width: 768px) 100vw, 768px\" \/><\/figure>\n\n\n\n<h2 class=\"wp-block-heading\"><\/h2>\n\n\n\n<p>La Municipalidad de Armstrong invita a participar de una nueva feria mensual de Sabores y Colores Locales que se realizar\u00e1 el domingo 17 de noviembre desde las 16 hs. en el paseo artesanal del parque Bracito Fuerte.<\/p>\n\n\n\n<p>Como en cada oportunidad, m\u00e1s de 40 emprendedores de nuestra ciudad y la regi\u00f3n se presentan para ofrecer una novedosa variedad de productos elaborados artesanalmente, y ya estar\u00e1n esperando a los visitantes para que elijan los regalos de navidad para sus seres queridos.<\/p>\n\n\n\n<p>Habr\u00e1 servicio de buffet con bebidas frescas, sorteos y m\u00fasica. Se suspende en caso de lluvia.<\/p>\n\n\n\n<p><\/p>\n","protected":false},"excerpt":{"rendered":"<p>Domingo 17 Sabores y Colores Locales<\/p>\n","protected":false},"author":1,"featured_media":23780,"comment_status":"open","ping_status":"open","sticky":false,"template":"","format":"image","meta":{"_jetpack_memberships_contains_paid_content":false,"footnotes":"","jetpack_publicize_message":"","jetpack_publicize_feature_enabled":true,"jetpack_social_post_already_shared":true,"jetpack_social_options":{"image_generator_settings":{"template":"highway","default_image_id":0,"enabled":false},"version":2}},"categories":[6,8,1,2],"tags":[],"class_list":["post-23779","post","type-post","status-publish","format-image","has-post-thumbnail","hentry","category-cultura-entretenimiento","category-deliberando","category-diario-armstrong","category-locales","post_format-post-format-image"],"jetpack_publicize_connections":[],"jetpack_featured_media_url":"https:\/\/armstrongyregion.com.ar\/diario\/wp-content\/uploads\/2019\/11\/feria_17_noviembre_2019.jpg","jetpack_shortlink":"https:\/\/wp.me\/p62QDO-6bx","jetpack_sharing_enabled":true,"amp_enabled":true,"_links":{"self":[{"href":"https:\/\/armstrongyregion.com.ar\/diario\/wp-json\/wp\/v2\/posts\/23779","targetHints":{"allow":["GET"]}}],"collection":[{"href":"https:\/\/armstrongyregion.com.ar\/diario\/wp-json\/wp\/v2\/posts"}],"about":[{"href":"https:\/\/armstrongyregion.com.ar\/diario\/wp-json\/wp\/v2\/types\/post"}],"author":[{"embeddable":true,"href":"https:\/\/armstrongyregion.com.ar\/diario\/wp-json\/wp\/v2\/users\/1"}],"replies":[{"embeddable":true,"href":"https:\/\/armstrongyregion.com.ar\/diario\/wp-json\/wp\/v2\/comments?post=23779"}],"version-history":[{"count":1,"href":"https:\/\/armstrongyregion.com.ar\/diario\/wp-json\/wp\/v2\/posts\/23779\/revisions"}],"predecessor-version":[{"id":23781,"href":"https:\/\/armstrongyregion.com.ar\/diario\/wp-json\/wp\/v2\/posts\/23779\/revisions\/23781"}],"wp:featuredmedia":[{"embeddable":true,"href":"https:\/\/armstrongyregion.com.ar\/diario\/wp-json\/wp\/v2\/media\/23780"}],"wp:attachment":[{"href":"https:\/\/armstrongyregion.com.ar\/diario\/wp-json\/wp\/v2\/media?parent=23779"}],"wp:term":[{"taxonomy":"category","embeddable":true,"href":"https:\/\/armstrongyregion.com.ar\/diario\/wp-json\/wp\/v2\/categories?post=23779"},{"taxonomy":"post_tag","embeddable":true,"href":"https:\/\/armstrongyregion.com.ar\/diario\/wp-json\/wp\/v2\/tags?post=23779"}],"curies":[{"name":"wp","href":"https:\/\/api.w.org\/{rel}","templated":true}]}}