{"id":23768,"date":"2019-11-14T10:00:01","date_gmt":"2019-11-14T10:00:01","guid":{"rendered":"https:\/\/armstrongyregion.com.ar\/diario\/?p=23768"},"modified":"2019-11-14T10:00:08","modified_gmt":"2019-11-14T10:00:08","slug":"armstrong-charla-sobre-quimicos-toxicos","status":"publish","type":"post","link":"https:\/\/armstrongyregion.com.ar\/diario\/armstrong-charla-sobre-quimicos-toxicos\/","title":{"rendered":"Armstrong. Charla sobre qu\u00edmicos t\u00f3xicos."},"content":{"rendered":"\n<figure class=\"wp-block-image\"><img loading=\"lazy\" decoding=\"async\" width=\"500\" height=\"562\" src=\"http:\/\/armstrongyregion.com.ar\/diario\/wp-content\/uploads\/2019\/11\/placa-educacion-ambiental-2019-OK.jpg\" alt=\"\" class=\"wp-image-23769\" srcset=\"https:\/\/armstrongyregion.com.ar\/diario\/wp-content\/uploads\/2019\/11\/placa-educacion-ambiental-2019-OK.jpg 500w, https:\/\/armstrongyregion.com.ar\/diario\/wp-content\/uploads\/2019\/11\/placa-educacion-ambiental-2019-OK-267x300.jpg 267w\" sizes=\"auto, (max-width: 500px) 100vw, 500px\" \/><\/figure>\n\n\n\n<h2 class=\"wp-block-heading\"><\/h2>\n\n\n\n<p>La Municipalidad de Armstrong junto al Centro Comercial,\nIndustrial y Rural de Armstrong invita a la charla titulada \u201cQu\u00edmicos t\u00f3xicos\nde exposici\u00f3n diaria. Una amenaza invisible\u201d que se realizar\u00e1 el jueves 14 de\nnoviembre a las 19:30 hs. el SUMA de Cable Imagen Armstrong, Per\u00fa 1448.<\/p>\n\n\n\n<p>Se podr\u00e1 escuchar la palabra del Dr. Fernando Manera, Doctor\nen Bioqu\u00edmica y disertante a nivel nacional e internacional, profesor en la UCA\nde C\u00f3rdoba en la c\u00e1tedra de postgrado de eco toxicolog\u00eda, ha colaborado con\norganismos nacionales e internacionales por esta tem\u00e1tica, ha sido funcionario\nde la Secretar\u00eda de Ambiente de la provincia de C\u00f3rdoba, y tiene libros\npublicados.<\/p>\n\n\n\n<p>La charla girar\u00e1 sobre el uso de qu\u00edmicos que hacemos\ndiariamente en nuestros hogares, en la comunidad, poni\u00e9ndole el acento en\naquellos que son perjudiciales para la salud y los cuidados a tener en cuenta\npara su utilizaci\u00f3n.<\/p>\n\n\n\n<p>Habr\u00e1 un encuentro con la comunidad educativa por la ma\u00f1ana,\nen el sal\u00f3n de actos de las escuelas N\u00b0 33 y N\u00b0 51, y por la tarde se espera al\np\u00fablico en general en las instalaciones del medio de comunicaci\u00f3n. <\/p>\n\n\n\n<p>La entrada es libre y gratuita.<\/p>\n\n\n\n<p><\/p>\n","protected":false},"excerpt":{"rendered":"<p>Armstrong. Charla sobre qu\u00edmicos t\u00f3xicos.<\/p>\n","protected":false},"author":1,"featured_media":23769,"comment_status":"open","ping_status":"open","sticky":false,"template":"","format":"image","meta":{"_jetpack_memberships_contains_paid_content":false,"footnotes":"","jetpack_publicize_message":"","jetpack_publicize_feature_enabled":true,"jetpack_social_post_already_shared":true,"jetpack_social_options":{"image_generator_settings":{"template":"highway","default_image_id":0,"enabled":false},"version":2}},"categories":[8,1,2,7,3],"tags":[],"class_list":["post-23768","post","type-post","status-publish","format-image","has-post-thumbnail","hentry","category-deliberando","category-diario-armstrong","category-locales","category-politica","category-region","post_format-post-format-image"],"jetpack_publicize_connections":[],"jetpack_featured_media_url":"https:\/\/armstrongyregion.com.ar\/diario\/wp-content\/uploads\/2019\/11\/placa-educacion-ambiental-2019-OK.jpg","jetpack_shortlink":"https:\/\/wp.me\/p62QDO-6bm","jetpack_sharing_enabled":true,"amp_enabled":true,"_links":{"self":[{"href":"https:\/\/armstrongyregion.com.ar\/diario\/wp-json\/wp\/v2\/posts\/23768","targetHints":{"allow":["GET"]}}],"collection":[{"href":"https:\/\/armstrongyregion.com.ar\/diario\/wp-json\/wp\/v2\/posts"}],"about":[{"href":"https:\/\/armstrongyregion.com.ar\/diario\/wp-json\/wp\/v2\/types\/post"}],"author":[{"embeddable":true,"href":"https:\/\/armstrongyregion.com.ar\/diario\/wp-json\/wp\/v2\/users\/1"}],"replies":[{"embeddable":true,"href":"https:\/\/armstrongyregion.com.ar\/diario\/wp-json\/wp\/v2\/comments?post=23768"}],"version-history":[{"count":1,"href":"https:\/\/armstrongyregion.com.ar\/diario\/wp-json\/wp\/v2\/posts\/23768\/revisions"}],"predecessor-version":[{"id":23770,"href":"https:\/\/armstrongyregion.com.ar\/diario\/wp-json\/wp\/v2\/posts\/23768\/revisions\/23770"}],"wp:featuredmedia":[{"embeddable":true,"href":"https:\/\/armstrongyregion.com.ar\/diario\/wp-json\/wp\/v2\/media\/23769"}],"wp:attachment":[{"href":"https:\/\/armstrongyregion.com.ar\/diario\/wp-json\/wp\/v2\/media?parent=23768"}],"wp:term":[{"taxonomy":"category","embeddable":true,"href":"https:\/\/armstrongyregion.com.ar\/diario\/wp-json\/wp\/v2\/categories?post=23768"},{"taxonomy":"post_tag","embeddable":true,"href":"https:\/\/armstrongyregion.com.ar\/diario\/wp-json\/wp\/v2\/tags?post=23768"}],"curies":[{"name":"wp","href":"https:\/\/api.w.org\/{rel}","templated":true}]}}