{"id":2376,"date":"2015-05-28T11:07:50","date_gmt":"2015-05-28T11:07:50","guid":{"rendered":"https:\/\/armstrongyregion.com.ar\/diario\/?p=2376"},"modified":"2015-05-28T11:28:45","modified_gmt":"2015-05-28T11:28:45","slug":"pablo-verdecchia-el-candidato-a-senador-marca-terreno","status":"publish","type":"post","link":"https:\/\/armstrongyregion.com.ar\/diario\/pablo-verdecchia-el-candidato-a-senador-marca-terreno\/","title":{"rendered":"Pablo Verdecchia, el candidato a senador marca terreno."},"content":{"rendered":"<p><a href=\"http:\/\/armstrongyregion.com.ar\/diario\/wp-content\/uploads\/2015\/05\/885649_837294063021341_188567355089626104_o.jpg\"><img loading=\"lazy\" decoding=\"async\" class=\"alignnone size-medium wp-image-2377\" src=\"http:\/\/armstrongyregion.com.ar\/diario\/wp-content\/uploads\/2015\/05\/885649_837294063021341_188567355089626104_o-300x199.jpg\" alt=\"Pablo Verdecchia\" width=\"300\" height=\"199\" srcset=\"https:\/\/armstrongyregion.com.ar\/diario\/wp-content\/uploads\/2015\/05\/885649_837294063021341_188567355089626104_o-300x199.jpg 300w, https:\/\/armstrongyregion.com.ar\/diario\/wp-content\/uploads\/2015\/05\/885649_837294063021341_188567355089626104_o-1024x682.jpg 1024w, https:\/\/armstrongyregion.com.ar\/diario\/wp-content\/uploads\/2015\/05\/885649_837294063021341_188567355089626104_o.jpg 2048w\" sizes=\"auto, (max-width: 300px) 100vw, 300px\" \/><\/a><\/p>\n<p><iframe loading=\"lazy\" width=\"800\" height=\"600\" src=\"https:\/\/www.youtube.com\/embed\/Jv8-L7LmTrE?feature=oembed\" frameborder=\"0\" allowfullscreen><\/iframe><\/p>\n<p>La senadur\u00eda del departamento Belgrano cambiar\u00e1 de signo pol\u00edtico? adem\u00e1s del nombre del nuevo legislador.<br \/>\nPor ello Pablo Verdecchia, representante del Frente Progresista C\u00edvico y Social, detalla las diferencias que, de llegar a la banca, impondr\u00eda en su gesti\u00f3n departamental.<\/p>\n","protected":false},"excerpt":{"rendered":"<p>La senadur\u00eda del departamento Belgrano cambiar\u00e1 de signo pol\u00edtico? adem\u00e1s del nombre del nuevo legislador. Por ello Pablo Verdecchia, representante del Frente Progresista C\u00edvico y Social, detalla las diferencias que, de llegar a la banca, impondr\u00eda en su gesti\u00f3n departamental.<\/p>\n","protected":false},"author":2,"featured_media":2377,"comment_status":"open","ping_status":"open","sticky":false,"template":"","format":"standard","meta":{"_jetpack_memberships_contains_paid_content":false,"footnotes":"","jetpack_publicize_message":"","jetpack_publicize_feature_enabled":true,"jetpack_social_post_already_shared":false,"jetpack_social_options":{"image_generator_settings":{"template":"highway","default_image_id":0,"enabled":false},"version":2}},"categories":[8,1,2,7,3],"tags":[33,600,16,1827,1207,238,1102,205],"class_list":["post-2376","post","type-post","status-publish","format-standard","has-post-thumbnail","hentry","category-deliberando","category-diario-armstrong","category-locales","category-politica","category-region","tag-a","tag-candidato","tag-el","tag-marca","tag-pablo","tag-senador","tag-terreno","tag-verdecchia"],"jetpack_publicize_connections":[],"jetpack_featured_media_url":"https:\/\/armstrongyregion.com.ar\/diario\/wp-content\/uploads\/2015\/05\/885649_837294063021341_188567355089626104_o.jpg","jetpack_shortlink":"https:\/\/wp.me\/p62QDO-Ck","jetpack_sharing_enabled":true,"amp_enabled":true,"_links":{"self":[{"href":"https:\/\/armstrongyregion.com.ar\/diario\/wp-json\/wp\/v2\/posts\/2376","targetHints":{"allow":["GET"]}}],"collection":[{"href":"https:\/\/armstrongyregion.com.ar\/diario\/wp-json\/wp\/v2\/posts"}],"about":[{"href":"https:\/\/armstrongyregion.com.ar\/diario\/wp-json\/wp\/v2\/types\/post"}],"author":[{"embeddable":true,"href":"https:\/\/armstrongyregion.com.ar\/diario\/wp-json\/wp\/v2\/users\/2"}],"replies":[{"embeddable":true,"href":"https:\/\/armstrongyregion.com.ar\/diario\/wp-json\/wp\/v2\/comments?post=2376"}],"version-history":[{"count":0,"href":"https:\/\/armstrongyregion.com.ar\/diario\/wp-json\/wp\/v2\/posts\/2376\/revisions"}],"wp:featuredmedia":[{"embeddable":true,"href":"https:\/\/armstrongyregion.com.ar\/diario\/wp-json\/wp\/v2\/media\/2377"}],"wp:attachment":[{"href":"https:\/\/armstrongyregion.com.ar\/diario\/wp-json\/wp\/v2\/media?parent=2376"}],"wp:term":[{"taxonomy":"category","embeddable":true,"href":"https:\/\/armstrongyregion.com.ar\/diario\/wp-json\/wp\/v2\/categories?post=2376"},{"taxonomy":"post_tag","embeddable":true,"href":"https:\/\/armstrongyregion.com.ar\/diario\/wp-json\/wp\/v2\/tags?post=2376"}],"curies":[{"name":"wp","href":"https:\/\/api.w.org\/{rel}","templated":true}]}}