{"id":23747,"date":"2019-11-12T12:39:15","date_gmt":"2019-11-12T12:39:15","guid":{"rendered":"https:\/\/armstrongyregion.com.ar\/diario\/?p=23747"},"modified":"2019-11-12T12:39:20","modified_gmt":"2019-11-12T12:39:20","slug":"deliberando-las-parejas-16-y-17-noviembre-fiesta-pyme-y-promocion-comunitaria-en-armstrong","status":"publish","type":"post","link":"https:\/\/armstrongyregion.com.ar\/diario\/deliberando-las-parejas-16-y-17-noviembre-fiesta-pyme-y-promocion-comunitaria-en-armstrong\/","title":{"rendered":"DELIBERANDO: Las Parejas: 16 y 17 noviembre Fiesta PYME y Promoci\u00f3n Comunitaria en Armstrong."},"content":{"rendered":"\n<figure class=\"wp-block-image\"><img loading=\"lazy\" decoding=\"async\" width=\"768\" height=\"576\" src=\"http:\/\/armstrongyregion.com.ar\/diario\/wp-content\/uploads\/2019\/11\/Noelia-Garcia-Deliberando-19-.jpg\" alt=\"\" class=\"wp-image-23748\" srcset=\"https:\/\/armstrongyregion.com.ar\/diario\/wp-content\/uploads\/2019\/11\/Noelia-Garcia-Deliberando-19-.jpg 768w, https:\/\/armstrongyregion.com.ar\/diario\/wp-content\/uploads\/2019\/11\/Noelia-Garcia-Deliberando-19--300x225.jpg 300w\" sizes=\"auto, (max-width: 768px) 100vw, 768px\" \/><\/figure>\n\n\n\n<h2 class=\"wp-block-heading\"><\/h2>\n\n\n\n<p>En el programa de hoy, participara Noelia Garc\u00eda, Directora\nde Promoci\u00f3n Comunitaria de la Municipalidad de Armstrong, quien informara\nsobre la labor que se realiza en el sector sobre temas que tienen que ver con\nviolencia de g\u00e9nero, adolescencia, ni\u00f1ez y familia, ayudas sociales y el nuevo\nedificio inaugurado en este 2019 para dicha \u00e1rea.<\/p>\n\n\n\n<figure class=\"wp-block-image\"><img loading=\"lazy\" decoding=\"async\" width=\"768\" height=\"576\" src=\"http:\/\/armstrongyregion.com.ar\/diario\/wp-content\/uploads\/2019\/11\/Erica-Diosa-Deliberando-nov-.jpg\" alt=\"\" class=\"wp-image-23749\" srcset=\"https:\/\/armstrongyregion.com.ar\/diario\/wp-content\/uploads\/2019\/11\/Erica-Diosa-Deliberando-nov-.jpg 768w, https:\/\/armstrongyregion.com.ar\/diario\/wp-content\/uploads\/2019\/11\/Erica-Diosa-Deliberando-nov--300x225.jpg 300w\" sizes=\"auto, (max-width: 768px) 100vw, 768px\" \/><\/figure>\n\n\n\n<p>Luego la Directora de Cultura de la Municipalidad de Las\nParejas Erica Molteni, nos informara sobre la Fiesta tan esperada durante todo\nel a\u00f1o. El 16 y 17 de noviembre, Las Parejas celebra la d\u00e9cimosexta edici\u00f3n de\nPYMES donde habr\u00e1 actividades durante todo el d\u00eda. Adem\u00e1s de los espect\u00e1culos y\nstands de buffet con distintos tipos de comida; se pueden llevar reposeras,\nconservadoras, para disfrutar un d\u00eda en familia. El acceso es gratuito.<\/p>\n\n\n\n<p>En cuanto a los espect\u00e1culos, habr\u00e1 diversi\u00f3n para todos los\ngustos.<\/p>\n\n\n\n<p>En cuanto a los espect\u00e1culos, la grilla es:<\/p>\n\n\n\n<p>S\u00e1bado:<\/p>\n\n\n\n<p>Exhibici\u00f3n de freestylers<\/p>\n\n\n\n<p>Herencia gaucha<\/p>\n\n\n\n<p>Taller de guitarra, folklore y tango<\/p>\n\n\n\n<p>Grupo musical de chamam\u00e9 de la ciudad de Santa Fe<\/p>\n\n\n\n<p>Troncales, de Las Rosas<\/p>\n\n\n\n<p>Compa\u00f1\u00eda art\u00edstica de Sol y luna<\/p>\n\n\n\n<p>Cierre La Callejera<\/p>\n\n\n\n<p>Domingo:<\/p>\n\n\n\n<p>Recital Grupo Super Saludables<\/p>\n\n\n\n<p>Lokura Cumbiera<\/p>\n\n\n\n<p>Taller de cumbia cruzada de Las Parejas<\/p>\n\n\n\n<p>Grupo de flamenco<\/p>\n\n\n\n<p>Danzas modernas<\/p>\n\n\n\n<p>Grupo de cumbia pop<\/p>\n\n\n\n<p>Paz Martinez<\/p>\n\n\n\n<p>Taller de danzas arabes<\/p>\n\n\n\n<p>Musiqueros de Santa Fe<\/p>\n\n\n\n<p>Cierre La Contra<\/p>\n\n\n\n<p>Deliberando. Martes 12 de Noviembre 2019. 21hs Por Cable Imagen\nArmstrong.<\/p>\n\n\n\n<p><\/p>\n","protected":false},"excerpt":{"rendered":"<p>En el programa de hoy, participara Noelia Garc\u00eda, Directora de Promoci\u00f3n Comunitaria de la Municipalidad de Armstrong, quien informara sobre la labor que se realiza en el sector sobre temas que tienen que ver con violencia de g\u00e9nero, adolescencia, ni\u00f1ez y familia, ayudas sociales y el nuevo edificio inaugurado en este 2019 para dicha \u00e1rea. <a href=\"https:\/\/armstrongyregion.com.ar\/diario\/deliberando-las-parejas-16-y-17-noviembre-fiesta-pyme-y-promocion-comunitaria-en-armstrong\/\" title=\"Read more\" >&#8230;<\/a><\/p>\n","protected":false},"author":1,"featured_media":23748,"comment_status":"open","ping_status":"open","sticky":false,"template":"","format":"image","meta":{"_jetpack_memberships_contains_paid_content":false,"footnotes":"","jetpack_publicize_message":"","jetpack_publicize_feature_enabled":true,"jetpack_social_post_already_shared":true,"jetpack_social_options":{"image_generator_settings":{"template":"highway","default_image_id":0,"enabled":false},"version":2}},"categories":[6,8,1,3],"tags":[],"class_list":["post-23747","post","type-post","status-publish","format-image","has-post-thumbnail","hentry","category-cultura-entretenimiento","category-deliberando","category-diario-armstrong","category-region","post_format-post-format-image"],"jetpack_publicize_connections":[],"jetpack_featured_media_url":"https:\/\/armstrongyregion.com.ar\/diario\/wp-content\/uploads\/2019\/11\/Noelia-Garcia-Deliberando-19-.jpg","jetpack_shortlink":"https:\/\/wp.me\/p62QDO-6b1","jetpack_sharing_enabled":true,"amp_enabled":true,"_links":{"self":[{"href":"https:\/\/armstrongyregion.com.ar\/diario\/wp-json\/wp\/v2\/posts\/23747","targetHints":{"allow":["GET"]}}],"collection":[{"href":"https:\/\/armstrongyregion.com.ar\/diario\/wp-json\/wp\/v2\/posts"}],"about":[{"href":"https:\/\/armstrongyregion.com.ar\/diario\/wp-json\/wp\/v2\/types\/post"}],"author":[{"embeddable":true,"href":"https:\/\/armstrongyregion.com.ar\/diario\/wp-json\/wp\/v2\/users\/1"}],"replies":[{"embeddable":true,"href":"https:\/\/armstrongyregion.com.ar\/diario\/wp-json\/wp\/v2\/comments?post=23747"}],"version-history":[{"count":1,"href":"https:\/\/armstrongyregion.com.ar\/diario\/wp-json\/wp\/v2\/posts\/23747\/revisions"}],"predecessor-version":[{"id":23750,"href":"https:\/\/armstrongyregion.com.ar\/diario\/wp-json\/wp\/v2\/posts\/23747\/revisions\/23750"}],"wp:featuredmedia":[{"embeddable":true,"href":"https:\/\/armstrongyregion.com.ar\/diario\/wp-json\/wp\/v2\/media\/23748"}],"wp:attachment":[{"href":"https:\/\/armstrongyregion.com.ar\/diario\/wp-json\/wp\/v2\/media?parent=23747"}],"wp:term":[{"taxonomy":"category","embeddable":true,"href":"https:\/\/armstrongyregion.com.ar\/diario\/wp-json\/wp\/v2\/categories?post=23747"},{"taxonomy":"post_tag","embeddable":true,"href":"https:\/\/armstrongyregion.com.ar\/diario\/wp-json\/wp\/v2\/tags?post=23747"}],"curies":[{"name":"wp","href":"https:\/\/api.w.org\/{rel}","templated":true}]}}