{"id":23739,"date":"2019-11-12T00:21:18","date_gmt":"2019-11-12T00:21:18","guid":{"rendered":"https:\/\/armstrongyregion.com.ar\/diario\/?p=23739"},"modified":"2019-11-12T00:22:45","modified_gmt":"2019-11-12T00:22:45","slug":"la-provincia-lanzo-una-nueva-convocatoria-para-financiar-proyectos","status":"publish","type":"post","link":"https:\/\/armstrongyregion.com.ar\/diario\/la-provincia-lanzo-una-nueva-convocatoria-para-financiar-proyectos\/","title":{"rendered":"La provincia lanzo una nueva convocatoria para financiar proyectos."},"content":{"rendered":"\n<figure class=\"wp-block-image\"><img loading=\"lazy\" decoding=\"async\" width=\"768\" height=\"431\" src=\"http:\/\/armstrongyregion.com.ar\/diario\/wp-content\/uploads\/2019\/11\/2019-10-21NID_266598O_1.jpeg\" alt=\"\" class=\"wp-image-23740\" srcset=\"https:\/\/armstrongyregion.com.ar\/diario\/wp-content\/uploads\/2019\/11\/2019-10-21NID_266598O_1.jpeg 768w, https:\/\/armstrongyregion.com.ar\/diario\/wp-content\/uploads\/2019\/11\/2019-10-21NID_266598O_1-300x168.jpeg 300w\" sizes=\"auto, (max-width: 768px) 100vw, 768px\" \/><\/figure>\n\n\n\n<p> <em>La l\u00ednea de financiamiento de la Agencia Santafesina de Ciencia, Tecnolog\u00eda e Innovaci\u00f3n permanecer\u00e1 abierta hasta el 5 de diciembre. Se otorgar\u00e1n aportes no reintegrables de hasta $ 260.000 por proyecto.<\/em> <\/p>\n\n\n\n<p>El Ministerio de Ciencia, Tecnolog\u00eda e Innovaci\u00f3n Productiva, a trav\u00e9s de la Agencia Santafesina de Ciencia, Tecnolog\u00eda e Innovaci\u00f3n (Asactei), abri\u00f3 la convocatoria \u201cComunicaci\u00f3n de la ciencia 2019\u201d, destinada a financiar proyectos.<\/p>\n\n\n\n<p>La iniciativa est\u00e1 dirigida a instituciones p\u00fablicas o privadas sin fines de lucro del sistema de ciencia, tecnolog\u00eda e innovaci\u00f3n radicadas en la provincia; universidades p\u00fablicas y privadas; centros cient\u00edfico-tecnol\u00f3gicos del Consejo Nacional de Investigaciones Cient\u00edficas y T\u00e9cnicas (Conicet); e instituciones que realicen actividades de investigaci\u00f3n cient\u00edfica, desarrollo tecnol\u00f3gico o innovaci\u00f3n.<\/p>\n\n\n\n<p>Los proyectos deber\u00e1n promover la relaci\u00f3n entre la ciencia y la sociedad desde una perspectiva comunicacional en el \u00e1mbito de la provincia de Santa Fe.<\/p>\n\n\n\n<p>Para esta convocatoria se entregar\u00e1n aportes no reintegrables de hasta $ 260.000 por proyecto, que podr\u00e1n representar el total del presupuesto.<\/p>\n\n\n\n<p>La convocatoria permanecer\u00e1 abierta hasta el 5 de diciembre de 2019 hasta las 12 horas.<\/p>\n\n\n\n<p><strong>COMUNICACI\u00d3N DE LA CIENCIA<\/strong><br>La convocatoria tiene el objetivo de fomentar el rol del comunicador de la ciencia y financiar el desarrollo de actividades y herramientas orientadas a la comunicaci\u00f3n cient\u00edfica y tecnol\u00f3gica en el territorio provincial.<\/p>\n\n\n\n<p>Para m\u00e1s informaci\u00f3n, bases y condiciones del concurso, los interesados pueden ingresar al siguiente<a href=\"https:\/\/www.santafe.gob.ar\/index.php\/web\/content\/view\/full\/207578\/(subtema)\/182935\">link<\/a>.<\/p>\n\n\n\n<h3 class=\"wp-block-heading\"><\/h3>\n","protected":false},"excerpt":{"rendered":"<p>La l\u00ednea de financiamiento de la Agencia Santafesina de Ciencia, Tecnolog\u00eda e Innovaci\u00f3n permanecer\u00e1 abierta hasta el 5 de diciembre. Se otorgar\u00e1n aportes no reintegrables de hasta $ 260.000 por proyecto. El Ministerio de Ciencia, Tecnolog\u00eda e Innovaci\u00f3n Productiva, a trav\u00e9s de la Agencia Santafesina de Ciencia, Tecnolog\u00eda e Innovaci\u00f3n (Asactei), abri\u00f3 la convocatoria \u201cComunicaci\u00f3n <a href=\"https:\/\/armstrongyregion.com.ar\/diario\/la-provincia-lanzo-una-nueva-convocatoria-para-financiar-proyectos\/\" title=\"Read more\" >&#8230;<\/a><\/p>\n","protected":false},"author":1,"featured_media":23740,"comment_status":"open","ping_status":"open","sticky":false,"template":"","format":"image","meta":{"_jetpack_memberships_contains_paid_content":false,"footnotes":"","jetpack_publicize_message":"","jetpack_publicize_feature_enabled":true,"jetpack_social_post_already_shared":true,"jetpack_social_options":{"image_generator_settings":{"template":"highway","default_image_id":0,"enabled":false},"version":2}},"categories":[6,1,2,7,3],"tags":[],"class_list":["post-23739","post","type-post","status-publish","format-image","has-post-thumbnail","hentry","category-cultura-entretenimiento","category-diario-armstrong","category-locales","category-politica","category-region","post_format-post-format-image"],"jetpack_publicize_connections":[],"jetpack_featured_media_url":"https:\/\/armstrongyregion.com.ar\/diario\/wp-content\/uploads\/2019\/11\/2019-10-21NID_266598O_1.jpeg","jetpack_shortlink":"https:\/\/wp.me\/p62QDO-6aT","jetpack_sharing_enabled":true,"amp_enabled":true,"_links":{"self":[{"href":"https:\/\/armstrongyregion.com.ar\/diario\/wp-json\/wp\/v2\/posts\/23739","targetHints":{"allow":["GET"]}}],"collection":[{"href":"https:\/\/armstrongyregion.com.ar\/diario\/wp-json\/wp\/v2\/posts"}],"about":[{"href":"https:\/\/armstrongyregion.com.ar\/diario\/wp-json\/wp\/v2\/types\/post"}],"author":[{"embeddable":true,"href":"https:\/\/armstrongyregion.com.ar\/diario\/wp-json\/wp\/v2\/users\/1"}],"replies":[{"embeddable":true,"href":"https:\/\/armstrongyregion.com.ar\/diario\/wp-json\/wp\/v2\/comments?post=23739"}],"version-history":[{"count":2,"href":"https:\/\/armstrongyregion.com.ar\/diario\/wp-json\/wp\/v2\/posts\/23739\/revisions"}],"predecessor-version":[{"id":23743,"href":"https:\/\/armstrongyregion.com.ar\/diario\/wp-json\/wp\/v2\/posts\/23739\/revisions\/23743"}],"wp:featuredmedia":[{"embeddable":true,"href":"https:\/\/armstrongyregion.com.ar\/diario\/wp-json\/wp\/v2\/media\/23740"}],"wp:attachment":[{"href":"https:\/\/armstrongyregion.com.ar\/diario\/wp-json\/wp\/v2\/media?parent=23739"}],"wp:term":[{"taxonomy":"category","embeddable":true,"href":"https:\/\/armstrongyregion.com.ar\/diario\/wp-json\/wp\/v2\/categories?post=23739"},{"taxonomy":"post_tag","embeddable":true,"href":"https:\/\/armstrongyregion.com.ar\/diario\/wp-json\/wp\/v2\/tags?post=23739"}],"curies":[{"name":"wp","href":"https:\/\/api.w.org\/{rel}","templated":true}]}}