{"id":23719,"date":"2019-11-07T12:26:59","date_gmt":"2019-11-07T12:26:59","guid":{"rendered":"https:\/\/armstrongyregion.com.ar\/diario\/?p=23719"},"modified":"2019-11-07T12:27:07","modified_gmt":"2019-11-07T12:27:07","slug":"clerici-participo-de-la-inauguracion-de-la-nueva-sede-del-centro-de-jubilados-primavera","status":"publish","type":"post","link":"https:\/\/armstrongyregion.com.ar\/diario\/clerici-participo-de-la-inauguracion-de-la-nueva-sede-del-centro-de-jubilados-primavera\/","title":{"rendered":"Clerici participo de la inauguraci\u00f3n de la nueva sede del Centro de Jubilados Primavera."},"content":{"rendered":"\n<figure class=\"wp-block-image\"><img loading=\"lazy\" decoding=\"async\" width=\"768\" height=\"432\" src=\"http:\/\/armstrongyregion.com.ar\/diario\/wp-content\/uploads\/2019\/11\/Estela-Clerici-.jpeg\" alt=\"\" class=\"wp-image-23720\" srcset=\"https:\/\/armstrongyregion.com.ar\/diario\/wp-content\/uploads\/2019\/11\/Estela-Clerici-.jpeg 768w, https:\/\/armstrongyregion.com.ar\/diario\/wp-content\/uploads\/2019\/11\/Estela-Clerici--300x169.jpeg 300w\" sizes=\"auto, (max-width: 768px) 100vw, 768px\" \/><\/figure>\n\n\n\n<h2 class=\"wp-block-heading\"><\/h2>\n\n\n\n<p>Junto a Carina Mozzoni acompa\u00f1aron a las autoridades de la instituci\u00f3n en la presentaci\u00f3n de esta sede ubicada en Ballesteros 1549.<\/p>\n\n\n\n<p>La intendenta Stella Cl\u00e9rici junto a la presidenta del Concejo Municipal Carina Mozzoni participaron de la inauguraci\u00f3n de la nueva sede del Centro de Jubilados Primavera ubicada en Ballesteros 1549.<\/p>\n\n\n\n<p>Cl\u00e9rici acompa\u00f1\u00f3 a las autoridades de la instituci\u00f3n mientras avanzan en la construcci\u00f3n del nuevo edificio. \u201cSeguimos respaldando la construcci\u00f3n del edificio propio de esta querida instituci\u00f3n y mientras tanto los acompa\u00f1amos al traslado a esta nueva sede\u201d, expres\u00f3.&nbsp;<\/p>\n\n\n\n<p><\/p>\n","protected":false},"excerpt":{"rendered":"<p>Junto a Carina Mozzoni acompa\u00f1aron a las autoridades de la instituci\u00f3n en la presentaci\u00f3n de esta sede ubicada en Ballesteros 1549. La intendenta Stella Cl\u00e9rici junto a la presidenta del Concejo Municipal Carina Mozzoni participaron de la inauguraci\u00f3n de la nueva sede del Centro de Jubilados Primavera ubicada en Ballesteros 1549. Cl\u00e9rici acompa\u00f1\u00f3 a las <a href=\"https:\/\/armstrongyregion.com.ar\/diario\/clerici-participo-de-la-inauguracion-de-la-nueva-sede-del-centro-de-jubilados-primavera\/\" title=\"Read more\" >&#8230;<\/a><\/p>\n","protected":false},"author":1,"featured_media":23720,"comment_status":"open","ping_status":"open","sticky":false,"template":"","format":"image","meta":{"_jetpack_memberships_contains_paid_content":false,"footnotes":"","jetpack_publicize_message":"","jetpack_publicize_feature_enabled":true,"jetpack_social_post_already_shared":true,"jetpack_social_options":{"image_generator_settings":{"template":"highway","default_image_id":0,"enabled":false},"version":2}},"categories":[6,8,1,7,3],"tags":[],"class_list":["post-23719","post","type-post","status-publish","format-image","has-post-thumbnail","hentry","category-cultura-entretenimiento","category-deliberando","category-diario-armstrong","category-politica","category-region","post_format-post-format-image"],"jetpack_publicize_connections":[],"jetpack_featured_media_url":"https:\/\/armstrongyregion.com.ar\/diario\/wp-content\/uploads\/2019\/11\/Estela-Clerici-.jpeg","jetpack_shortlink":"https:\/\/wp.me\/p62QDO-6az","jetpack_sharing_enabled":true,"amp_enabled":true,"_links":{"self":[{"href":"https:\/\/armstrongyregion.com.ar\/diario\/wp-json\/wp\/v2\/posts\/23719","targetHints":{"allow":["GET"]}}],"collection":[{"href":"https:\/\/armstrongyregion.com.ar\/diario\/wp-json\/wp\/v2\/posts"}],"about":[{"href":"https:\/\/armstrongyregion.com.ar\/diario\/wp-json\/wp\/v2\/types\/post"}],"author":[{"embeddable":true,"href":"https:\/\/armstrongyregion.com.ar\/diario\/wp-json\/wp\/v2\/users\/1"}],"replies":[{"embeddable":true,"href":"https:\/\/armstrongyregion.com.ar\/diario\/wp-json\/wp\/v2\/comments?post=23719"}],"version-history":[{"count":1,"href":"https:\/\/armstrongyregion.com.ar\/diario\/wp-json\/wp\/v2\/posts\/23719\/revisions"}],"predecessor-version":[{"id":23721,"href":"https:\/\/armstrongyregion.com.ar\/diario\/wp-json\/wp\/v2\/posts\/23719\/revisions\/23721"}],"wp:featuredmedia":[{"embeddable":true,"href":"https:\/\/armstrongyregion.com.ar\/diario\/wp-json\/wp\/v2\/media\/23720"}],"wp:attachment":[{"href":"https:\/\/armstrongyregion.com.ar\/diario\/wp-json\/wp\/v2\/media?parent=23719"}],"wp:term":[{"taxonomy":"category","embeddable":true,"href":"https:\/\/armstrongyregion.com.ar\/diario\/wp-json\/wp\/v2\/categories?post=23719"},{"taxonomy":"post_tag","embeddable":true,"href":"https:\/\/armstrongyregion.com.ar\/diario\/wp-json\/wp\/v2\/tags?post=23719"}],"curies":[{"name":"wp","href":"https:\/\/api.w.org\/{rel}","templated":true}]}}