{"id":23714,"date":"2019-11-06T23:32:15","date_gmt":"2019-11-06T23:32:15","guid":{"rendered":"https:\/\/armstrongyregion.com.ar\/diario\/?p=23714"},"modified":"2019-11-06T23:32:22","modified_gmt":"2019-11-06T23:32:22","slug":"el-concejo-aprobo-una-nueva-ordenanza-sobre-jardines-maternales","status":"publish","type":"post","link":"https:\/\/armstrongyregion.com.ar\/diario\/el-concejo-aprobo-una-nueva-ordenanza-sobre-jardines-maternales\/","title":{"rendered":"El Concejo aprob\u00f3 una nueva ordenanza sobre jardines maternales."},"content":{"rendered":"\n<figure class=\"wp-block-image\"><img loading=\"lazy\" decoding=\"async\" width=\"768\" height=\"462\" src=\"http:\/\/armstrongyregion.com.ar\/diario\/wp-content\/uploads\/2019\/11\/concejo-incompleto.jpeg\" alt=\"concejo-de-Armstrong-\" class=\"wp-image-23715\" srcset=\"https:\/\/armstrongyregion.com.ar\/diario\/wp-content\/uploads\/2019\/11\/concejo-incompleto.jpeg 768w, https:\/\/armstrongyregion.com.ar\/diario\/wp-content\/uploads\/2019\/11\/concejo-incompleto-300x180.jpeg 300w\" sizes=\"auto, (max-width: 768px) 100vw, 768px\" \/><figcaption>concejo-de-Armstrong-<\/figcaption><\/figure>\n\n\n\n<h2 class=\"wp-block-heading\"><\/h2>\n\n\n\n<p><strong>La ordenanza, aprobada por unanimidad en la sesi\u00f3n de anoche, establece el funcionamiento y las condiciones para la habilitaci\u00f3n de jardines maternales, guarder\u00edas y jardines de infantes no obligatorios, que hasta el momento se ven\u00edan habilitando como comercios a falta de normas que lo regulen.&nbsp;<\/strong><\/p>\n\n\n\n<p><strong>Al respecto, el Presidente del Concejo, Dr. Augusto Fischer, destac\u00f3 que \u201cEs un proyecto de ordenanza en el que se trabaj\u00f3 mucho antes de aprobarlo, incluso hicimos una reuni\u00f3n con los representantes de los jardines maternales que est\u00e1n funcionando hoy en d\u00eda en Armstrong, para ponerlos al tanto y tambi\u00e9n para escuchar su opini\u00f3n, ya que son los que por la pr\u00e1ctica saben m\u00e1s del tema\u201d.&nbsp;<\/strong><\/p>\n\n\n\n<p>Asimismo, Fischer explic\u00f3 que \u201cEs un proyecto presentado por el Bloque Radical, que nosotros propusimos flexibilizarlo en varios puntos, y eso fue aceptado. Asique se pudo aprobar con el voto de todos\u201d&nbsp;<\/p>\n\n\n\n<p>\u201cEl Ejecutivo ahora tiene una herramienta que necesitaba, porque hasta el momento al no haber ninguna ordenanza sobre este tema, se ten\u00edan que habilitar los jardines como si fueran un comercio\u201d remarc\u00f3 el edil.&nbsp;<\/p>\n\n\n\n<p><\/p>\n","protected":false},"excerpt":{"rendered":"<p>La ordenanza, aprobada por unanimidad en la sesi\u00f3n de anoche, establece el funcionamiento y las condiciones para la habilitaci\u00f3n de jardines maternales, guarder\u00edas y jardines de infantes no obligatorios, que hasta el momento se ven\u00edan habilitando como comercios a falta de normas que lo regulen.&nbsp; Al respecto, el Presidente del Concejo, Dr. Augusto Fischer, destac\u00f3 <a href=\"https:\/\/armstrongyregion.com.ar\/diario\/el-concejo-aprobo-una-nueva-ordenanza-sobre-jardines-maternales\/\" title=\"Read more\" >&#8230;<\/a><\/p>\n","protected":false},"author":1,"featured_media":23715,"comment_status":"open","ping_status":"open","sticky":false,"template":"","format":"image","meta":{"_jetpack_memberships_contains_paid_content":false,"footnotes":"","jetpack_publicize_message":"","jetpack_publicize_feature_enabled":true,"jetpack_social_post_already_shared":true,"jetpack_social_options":{"image_generator_settings":{"template":"highway","default_image_id":0,"enabled":false},"version":2}},"categories":[8,1,2,7],"tags":[],"class_list":["post-23714","post","type-post","status-publish","format-image","has-post-thumbnail","hentry","category-deliberando","category-diario-armstrong","category-locales","category-politica","post_format-post-format-image"],"jetpack_publicize_connections":[],"jetpack_featured_media_url":"https:\/\/armstrongyregion.com.ar\/diario\/wp-content\/uploads\/2019\/11\/concejo-incompleto.jpeg","jetpack_shortlink":"https:\/\/wp.me\/p62QDO-6au","jetpack_sharing_enabled":true,"amp_enabled":true,"_links":{"self":[{"href":"https:\/\/armstrongyregion.com.ar\/diario\/wp-json\/wp\/v2\/posts\/23714","targetHints":{"allow":["GET"]}}],"collection":[{"href":"https:\/\/armstrongyregion.com.ar\/diario\/wp-json\/wp\/v2\/posts"}],"about":[{"href":"https:\/\/armstrongyregion.com.ar\/diario\/wp-json\/wp\/v2\/types\/post"}],"author":[{"embeddable":true,"href":"https:\/\/armstrongyregion.com.ar\/diario\/wp-json\/wp\/v2\/users\/1"}],"replies":[{"embeddable":true,"href":"https:\/\/armstrongyregion.com.ar\/diario\/wp-json\/wp\/v2\/comments?post=23714"}],"version-history":[{"count":1,"href":"https:\/\/armstrongyregion.com.ar\/diario\/wp-json\/wp\/v2\/posts\/23714\/revisions"}],"predecessor-version":[{"id":23716,"href":"https:\/\/armstrongyregion.com.ar\/diario\/wp-json\/wp\/v2\/posts\/23714\/revisions\/23716"}],"wp:featuredmedia":[{"embeddable":true,"href":"https:\/\/armstrongyregion.com.ar\/diario\/wp-json\/wp\/v2\/media\/23715"}],"wp:attachment":[{"href":"https:\/\/armstrongyregion.com.ar\/diario\/wp-json\/wp\/v2\/media?parent=23714"}],"wp:term":[{"taxonomy":"category","embeddable":true,"href":"https:\/\/armstrongyregion.com.ar\/diario\/wp-json\/wp\/v2\/categories?post=23714"},{"taxonomy":"post_tag","embeddable":true,"href":"https:\/\/armstrongyregion.com.ar\/diario\/wp-json\/wp\/v2\/tags?post=23714"}],"curies":[{"name":"wp","href":"https:\/\/api.w.org\/{rel}","templated":true}]}}