{"id":23703,"date":"2019-11-06T11:33:41","date_gmt":"2019-11-06T11:33:41","guid":{"rendered":"https:\/\/armstrongyregion.com.ar\/diario\/?p=23703"},"modified":"2019-11-06T11:33:50","modified_gmt":"2019-11-06T11:33:50","slug":"victoria-llega-a-sala-iris-marga","status":"publish","type":"post","link":"https:\/\/armstrongyregion.com.ar\/diario\/victoria-llega-a-sala-iris-marga\/","title":{"rendered":"\u201cVICTORIA\u00bb Llega a Sala Iris Marga."},"content":{"rendered":"\n<figure class=\"wp-block-image\"><img loading=\"lazy\" decoding=\"async\" width=\"500\" height=\"504\" src=\"http:\/\/armstrongyregion.com.ar\/diario\/wp-content\/uploads\/2019\/11\/IMG-20191105-WA0032-1.jpg\" alt=\"\" class=\"wp-image-23705\" srcset=\"https:\/\/armstrongyregion.com.ar\/diario\/wp-content\/uploads\/2019\/11\/IMG-20191105-WA0032-1.jpg 500w, https:\/\/armstrongyregion.com.ar\/diario\/wp-content\/uploads\/2019\/11\/IMG-20191105-WA0032-1-150x150.jpg 150w, https:\/\/armstrongyregion.com.ar\/diario\/wp-content\/uploads\/2019\/11\/IMG-20191105-WA0032-1-298x300.jpg 298w\" sizes=\"auto, (max-width: 500px) 100vw, 500px\" \/><figcaption> <\/figcaption><\/figure>\n\n\n\n<figure class=\"wp-block-image\"><img loading=\"lazy\" decoding=\"async\" width=\"500\" height=\"504\" src=\"http:\/\/armstrongyregion.com.ar\/diario\/wp-content\/uploads\/2019\/11\/IMG-20191105-WA0032.jpg\" alt=\"\" class=\"wp-image-23704\" srcset=\"https:\/\/armstrongyregion.com.ar\/diario\/wp-content\/uploads\/2019\/11\/IMG-20191105-WA0032.jpg 500w, https:\/\/armstrongyregion.com.ar\/diario\/wp-content\/uploads\/2019\/11\/IMG-20191105-WA0032-150x150.jpg 150w, https:\/\/armstrongyregion.com.ar\/diario\/wp-content\/uploads\/2019\/11\/IMG-20191105-WA0032-298x300.jpg 298w\" sizes=\"auto, (max-width: 500px) 100vw, 500px\" \/><\/figure>\n\n\n\n<h2 class=\"wp-block-heading\"><\/h2>\n\n\n\n<p>El pr\u00f3ximo s\u00e1bado 9 de noviembre, a las 21hs, \u201cVictoria\u201d se\npresentara en la Sala Iris Marga de la ciudad de Armstrong.<\/p>\n\n\n\n<p>Con la direcci\u00f3n de Fabian Vena y &nbsp;las actuaciones de Puli Rainero y Oscar Mori,\nla pieza es una comedia dram\u00e1tica escrita por Susana Guti\u00e9rrez Posse que narra\nel encuentro entre un padre y su hija, de 30 da\u00f1os, que nunca conoci\u00f3.<\/p>\n\n\n\n<p>La hija no reconocida \u2013seg\u00fan sus propias palabras\u2013 \u201cnunca\npudo sentirse como mujer sino como un fantasma de su padre, esa Victoria\nhabitada por el agujero de la ausencia paterna construyendo una identidad\ndifusa, sin fronteras, atravesada por el abandono, el dolor y el recuerdo de su\nmadre\u201d.<\/p>\n\n\n\n<p>Entradas en Secretaria del Club o con\nStella Eckard.<\/p>\n\n\n\n<p><\/p>\n","protected":false},"excerpt":{"rendered":"<p>El pr\u00f3ximo s\u00e1bado 9 de noviembre, a las 21hs, \u201cVictoria\u201d se presentara en la Sala Iris Marga de la ciudad de Armstrong. Con la direcci\u00f3n de Fabian Vena y &nbsp;las actuaciones de Puli Rainero y Oscar Mori, la pieza es una comedia dram\u00e1tica escrita por Susana Guti\u00e9rrez Posse que narra el encuentro entre un padre <a href=\"https:\/\/armstrongyregion.com.ar\/diario\/victoria-llega-a-sala-iris-marga\/\" title=\"Read more\" >&#8230;<\/a><\/p>\n","protected":false},"author":1,"featured_media":23704,"comment_status":"open","ping_status":"open","sticky":false,"template":"","format":"image","meta":{"_jetpack_memberships_contains_paid_content":false,"footnotes":"","jetpack_publicize_message":"","jetpack_publicize_feature_enabled":true,"jetpack_social_post_already_shared":true,"jetpack_social_options":{"image_generator_settings":{"template":"highway","default_image_id":0,"enabled":false},"version":2}},"categories":[6,8,1,2,3],"tags":[1174,887],"class_list":["post-23703","post","type-post","status-publish","format-image","has-post-thumbnail","hentry","category-cultura-entretenimiento","category-deliberando","category-diario-armstrong","category-locales","category-region","tag-marga","tag-victoria","post_format-post-format-image"],"jetpack_publicize_connections":[],"jetpack_featured_media_url":"https:\/\/armstrongyregion.com.ar\/diario\/wp-content\/uploads\/2019\/11\/IMG-20191105-WA0032.jpg","jetpack_shortlink":"https:\/\/wp.me\/p62QDO-6aj","jetpack_sharing_enabled":true,"amp_enabled":true,"_links":{"self":[{"href":"https:\/\/armstrongyregion.com.ar\/diario\/wp-json\/wp\/v2\/posts\/23703","targetHints":{"allow":["GET"]}}],"collection":[{"href":"https:\/\/armstrongyregion.com.ar\/diario\/wp-json\/wp\/v2\/posts"}],"about":[{"href":"https:\/\/armstrongyregion.com.ar\/diario\/wp-json\/wp\/v2\/types\/post"}],"author":[{"embeddable":true,"href":"https:\/\/armstrongyregion.com.ar\/diario\/wp-json\/wp\/v2\/users\/1"}],"replies":[{"embeddable":true,"href":"https:\/\/armstrongyregion.com.ar\/diario\/wp-json\/wp\/v2\/comments?post=23703"}],"version-history":[{"count":2,"href":"https:\/\/armstrongyregion.com.ar\/diario\/wp-json\/wp\/v2\/posts\/23703\/revisions"}],"predecessor-version":[{"id":23707,"href":"https:\/\/armstrongyregion.com.ar\/diario\/wp-json\/wp\/v2\/posts\/23703\/revisions\/23707"}],"wp:featuredmedia":[{"embeddable":true,"href":"https:\/\/armstrongyregion.com.ar\/diario\/wp-json\/wp\/v2\/media\/23704"}],"wp:attachment":[{"href":"https:\/\/armstrongyregion.com.ar\/diario\/wp-json\/wp\/v2\/media?parent=23703"}],"wp:term":[{"taxonomy":"category","embeddable":true,"href":"https:\/\/armstrongyregion.com.ar\/diario\/wp-json\/wp\/v2\/categories?post=23703"},{"taxonomy":"post_tag","embeddable":true,"href":"https:\/\/armstrongyregion.com.ar\/diario\/wp-json\/wp\/v2\/tags?post=23703"}],"curies":[{"name":"wp","href":"https:\/\/api.w.org\/{rel}","templated":true}]}}