{"id":23694,"date":"2019-11-06T11:10:05","date_gmt":"2019-11-06T11:10:05","guid":{"rendered":"https:\/\/armstrongyregion.com.ar\/diario\/?p=23694"},"modified":"2019-11-06T11:10:11","modified_gmt":"2019-11-06T11:10:11","slug":"armstrong-dia-del-empleado-municipal","status":"publish","type":"post","link":"https:\/\/armstrongyregion.com.ar\/diario\/armstrong-dia-del-empleado-municipal\/","title":{"rendered":"Armstrong. D\u00eda del empleado municipal."},"content":{"rendered":"\n<figure class=\"wp-block-image\"><img loading=\"lazy\" decoding=\"async\" width=\"601\" height=\"380\" src=\"http:\/\/armstrongyregion.com.ar\/diario\/wp-content\/uploads\/2019\/11\/Muni-Armstrong.jpg\" alt=\"\" class=\"wp-image-23695\" srcset=\"https:\/\/armstrongyregion.com.ar\/diario\/wp-content\/uploads\/2019\/11\/Muni-Armstrong.jpg 601w, https:\/\/armstrongyregion.com.ar\/diario\/wp-content\/uploads\/2019\/11\/Muni-Armstrong-300x190.jpg 300w\" sizes=\"auto, (max-width: 601px) 100vw, 601px\" \/><figcaption>MUNICIPALIDAD DE ARMSTRONG. LA REGION. 31\/10\/2013. REDACCION LC (ARMSTRONG &#8211; Argentina &#8211; Tags: Regi\u00f3n)<\/figcaption><\/figure>\n\n\n\n<h2 class=\"wp-block-heading\"><\/h2>\n\n\n\n<p>La Municipalidad de Armstrong informa que debido a la\nconmemoraci\u00f3n del d\u00eda del empleado municipal, el pr\u00f3ximo viernes 8 de\nnoviembre, los sectores de administraci\u00f3n,&nbsp;\nmaestranza y dem\u00e1s dependencias permanecer\u00e1n cerrados.<\/p>\n\n\n\n<p>Asimismo comunica que el servicio de recolecci\u00f3n de residuos\ndomiciliarios se realizar\u00e1 de manera normal.<\/p>\n\n\n\n<p>El Intendente Dr. Pablo Verdecchia env\u00eda un saludo afectuoso\na cada una de las personas que se desempe\u00f1an en las distintas \u00e1reas\nmunicipales, agradeci\u00e9ndoles la dedicaci\u00f3n y colaboraci\u00f3n diaria para el avance\nde nuestra ciudad.<\/p>\n\n\n\n<p>Muchas gracias.<\/p>\n\n\n\n<p><\/p>\n","protected":false},"excerpt":{"rendered":"<p>La Municipalidad de Armstrong informa que debido a la conmemoraci\u00f3n del d\u00eda del empleado municipal, el pr\u00f3ximo viernes 8 de noviembre, los sectores de administraci\u00f3n,&nbsp; maestranza y dem\u00e1s dependencias permanecer\u00e1n cerrados. Asimismo comunica que el servicio de recolecci\u00f3n de residuos domiciliarios se realizar\u00e1 de manera normal. El Intendente Dr. Pablo Verdecchia env\u00eda un saludo afectuoso <a href=\"https:\/\/armstrongyregion.com.ar\/diario\/armstrong-dia-del-empleado-municipal\/\" title=\"Read more\" >&#8230;<\/a><\/p>\n","protected":false},"author":1,"featured_media":23695,"comment_status":"open","ping_status":"open","sticky":false,"template":"","format":"image","meta":{"_jetpack_memberships_contains_paid_content":false,"footnotes":"","jetpack_publicize_message":"","jetpack_publicize_feature_enabled":true,"jetpack_social_post_already_shared":true,"jetpack_social_options":{"image_generator_settings":{"template":"highway","default_image_id":0,"enabled":false},"version":2}},"categories":[8,1,2,7],"tags":[8504],"class_list":["post-23694","post","type-post","status-publish","format-image","has-post-thumbnail","hentry","category-deliberando","category-diario-armstrong","category-locales","category-politica","tag-dia-del-empleado-municipal","post_format-post-format-image"],"jetpack_publicize_connections":[],"jetpack_featured_media_url":"https:\/\/armstrongyregion.com.ar\/diario\/wp-content\/uploads\/2019\/11\/Muni-Armstrong.jpg","jetpack_shortlink":"https:\/\/wp.me\/p62QDO-6aa","jetpack_sharing_enabled":true,"amp_enabled":true,"_links":{"self":[{"href":"https:\/\/armstrongyregion.com.ar\/diario\/wp-json\/wp\/v2\/posts\/23694","targetHints":{"allow":["GET"]}}],"collection":[{"href":"https:\/\/armstrongyregion.com.ar\/diario\/wp-json\/wp\/v2\/posts"}],"about":[{"href":"https:\/\/armstrongyregion.com.ar\/diario\/wp-json\/wp\/v2\/types\/post"}],"author":[{"embeddable":true,"href":"https:\/\/armstrongyregion.com.ar\/diario\/wp-json\/wp\/v2\/users\/1"}],"replies":[{"embeddable":true,"href":"https:\/\/armstrongyregion.com.ar\/diario\/wp-json\/wp\/v2\/comments?post=23694"}],"version-history":[{"count":1,"href":"https:\/\/armstrongyregion.com.ar\/diario\/wp-json\/wp\/v2\/posts\/23694\/revisions"}],"predecessor-version":[{"id":23696,"href":"https:\/\/armstrongyregion.com.ar\/diario\/wp-json\/wp\/v2\/posts\/23694\/revisions\/23696"}],"wp:featuredmedia":[{"embeddable":true,"href":"https:\/\/armstrongyregion.com.ar\/diario\/wp-json\/wp\/v2\/media\/23695"}],"wp:attachment":[{"href":"https:\/\/armstrongyregion.com.ar\/diario\/wp-json\/wp\/v2\/media?parent=23694"}],"wp:term":[{"taxonomy":"category","embeddable":true,"href":"https:\/\/armstrongyregion.com.ar\/diario\/wp-json\/wp\/v2\/categories?post=23694"},{"taxonomy":"post_tag","embeddable":true,"href":"https:\/\/armstrongyregion.com.ar\/diario\/wp-json\/wp\/v2\/tags?post=23694"}],"curies":[{"name":"wp","href":"https:\/\/api.w.org\/{rel}","templated":true}]}}