{"id":2363,"date":"2015-05-27T11:17:05","date_gmt":"2015-05-27T11:17:05","guid":{"rendered":"https:\/\/armstrongyregion.com.ar\/diario\/?p=2363"},"modified":"2015-05-27T11:17:05","modified_gmt":"2015-05-27T11:17:05","slug":"el-cervantes-se-lleno-dos-veces-para-celebrar-el-dia-de-los-jardines","status":"publish","type":"post","link":"https:\/\/armstrongyregion.com.ar\/diario\/el-cervantes-se-lleno-dos-veces-para-celebrar-el-dia-de-los-jardines\/","title":{"rendered":"El Cervantes se llen\u00f3 dos veces para celebrar el d\u00eda de los Jardines."},"content":{"rendered":"<p><a href=\"http:\/\/armstrongyregion.com.ar\/diario\/wp-content\/uploads\/2015\/05\/2015-05-27-Actividades-de-la-Senadur\u00eda-en-Ca\u00f1ada-de-G\u00f3mez-por-el-D\u00eda-de-los-Jardines-de-Infantes.jpg\"><img loading=\"lazy\" decoding=\"async\" class=\"alignnone size-medium wp-image-2364\" src=\"http:\/\/armstrongyregion.com.ar\/diario\/wp-content\/uploads\/2015\/05\/2015-05-27-Actividades-de-la-Senadur\u00eda-en-Ca\u00f1ada-de-G\u00f3mez-por-el-D\u00eda-de-los-Jardines-de-Infantes-300x225.jpg\" alt=\"Cervantes\" width=\"300\" height=\"225\" srcset=\"https:\/\/armstrongyregion.com.ar\/diario\/wp-content\/uploads\/2015\/05\/2015-05-27-Actividades-de-la-Senadur\u00eda-en-Ca\u00f1ada-de-G\u00f3mez-por-el-D\u00eda-de-los-Jardines-de-Infantes-300x225.jpg 300w, https:\/\/armstrongyregion.com.ar\/diario\/wp-content\/uploads\/2015\/05\/2015-05-27-Actividades-de-la-Senadur\u00eda-en-Ca\u00f1ada-de-G\u00f3mez-por-el-D\u00eda-de-los-Jardines-de-Infantes.jpg 800w\" sizes=\"auto, (max-width: 300px) 100vw, 300px\" \/><\/a>Ma\u00f1ana se conmemora el D\u00eda de los Jardines de Infantes y de la Maestra Jardinera, y para comenzar los festejos se realiz\u00f3 una doble funci\u00f3n gratuita a sala completa para los ni\u00f1os y ni\u00f1as de Ca\u00f1ada de G\u00f3mez en el teatro Cervantes. La actividad fue organizada por el senador Rasetto.<br \/>\nLos ni\u00f1os y ni\u00f1as de Ca\u00f1ada de G\u00f3mez llenaron el teatro Cervantes dos veces en la misma jornada, y se divirtieron con las historias de los payasos Fitito y Renoleta, que se presentaron en forma gratuita como parte de las actividades que realizar\u00e1 la Senadur\u00eda en las 12 localidades del departamento Iriondo, para celebrar el D\u00eda de los Jardines de Infantes y de la Maestra Jardinera.<\/p>\n<p>El cronograma con las pr\u00f3ximas funciones gratuitas para los chicos del departamento Iriondo, es el siguiente:<\/p>\n<p>-) Oliveros &#8211; Hoy, 13:30 hs. &#8211; Jard\u00edn de Infantes N\u00b0 8097 \u201cR\u00edo Carcara\u00f1\u00e1\u201d.<br \/>\n-) Pueblo Andino &#8211; 28 de Mayo &#8211; 10:30 hs. &#8211; Jard\u00edn de Infantes N\u00b0 256 \u201cCamino de Carcaraes\u201d.<br \/>\n-) Clason &#8211; 29 de Mayo &#8211; 14 hs. &#8211; Escuela Primaria N\u00b0 216 \u00abDomingo F. Sarmiento\u00bb.<br \/>\n-) Bustinza &#8211; 1 de Junio &#8211; 14 hs. &#8211; SUM Comunal.<br \/>\n-) Correa &#8211; 2 de Junio &#8211; 11 y 14 hs. &#8211; Jard\u00edn de Infantes N\u00b0 77 \u00abJuan Rodolfo Bolla\u00bb.<br \/>\n-) Lucio V. L\u00f3pez &#8211; 3 de Junio &#8211; 15:30 hs. &#8211; Sal\u00f3n del club.<br \/>\n-) Villa Elo\u00edsa &#8211; 4 de Junio &#8211; 16 hs. &#8211; Jard\u00edn de Infantes Nucleado N\u00b0 184 \u00abJos\u00e9 Pedroni\u00bb.<br \/>\n-) Totoras &#8211; 5 de Junio &#8211; 15:30 hs. &#8211; Jard\u00edn de Infantes Nucleado N\u00b0 135 \u00abOro Blanco\u00bb.<br \/>\n-) Salto Grande &#8211; 8 de Junio &#8211; 14 hs. &#8211; Sociedad Italiana.<br \/>\n-) Carrizales &#8211; 9 de Junio &#8211; 10 hs. &#8211; Jard\u00edn de Infantes Nucleado N\u00b0 266 \u00abRa\u00edces de Federaci\u00f3n\u00bb.<br \/>\n-) Serodino &#8211; 10 de Junio &#8211; 14 y 15 hs. &#8211; Jard\u00edn de Infantes Nucleado N\u00b0 248 \u00abPedro Serodino\u00bb.<\/p>\n","protected":false},"excerpt":{"rendered":"<p>Ma\u00f1ana se conmemora el D\u00eda de los Jardines de Infantes y de la Maestra Jardinera, y para comenzar los festejos se realiz\u00f3 una doble funci\u00f3n gratuita a sala completa para los ni\u00f1os y ni\u00f1as de Ca\u00f1ada de G\u00f3mez en el teatro Cervantes. La actividad fue organizada por el senador Rasetto. Los ni\u00f1os y ni\u00f1as de <a href=\"https:\/\/armstrongyregion.com.ar\/diario\/el-cervantes-se-lleno-dos-veces-para-celebrar-el-dia-de-los-jardines\/\" title=\"Read more\" >&#8230;<\/a><\/p>\n","protected":false},"author":2,"featured_media":2364,"comment_status":"open","ping_status":"open","sticky":false,"template":"","format":"standard","meta":{"_jetpack_memberships_contains_paid_content":false,"footnotes":"","jetpack_publicize_message":"","jetpack_publicize_feature_enabled":true,"jetpack_social_post_already_shared":false,"jetpack_social_options":{"image_generator_settings":{"template":"highway","default_image_id":0,"enabled":false},"version":2}},"categories":[1,3],"tags":[1819,1816,19,793,831,16,1790,1817,42,81,86,1818],"class_list":["post-2363","post","type-post","status-publish","format-standard","has-post-thumbnail","hentry","category-diario-armstrong","category-region","tag-celebrar","tag-cervantes","tag-de","tag-dia","tag-dos","tag-el","tag-jardines","tag-lleno","tag-los","tag-para","tag-se","tag-veces"],"jetpack_publicize_connections":[],"jetpack_featured_media_url":"https:\/\/armstrongyregion.com.ar\/diario\/wp-content\/uploads\/2015\/05\/2015-05-27-Actividades-de-la-Senadur\u00eda-en-Ca\u00f1ada-de-G\u00f3mez-por-el-D\u00eda-de-los-Jardines-de-Infantes.jpg","jetpack_shortlink":"https:\/\/wp.me\/p62QDO-C7","jetpack_sharing_enabled":true,"amp_enabled":true,"_links":{"self":[{"href":"https:\/\/armstrongyregion.com.ar\/diario\/wp-json\/wp\/v2\/posts\/2363","targetHints":{"allow":["GET"]}}],"collection":[{"href":"https:\/\/armstrongyregion.com.ar\/diario\/wp-json\/wp\/v2\/posts"}],"about":[{"href":"https:\/\/armstrongyregion.com.ar\/diario\/wp-json\/wp\/v2\/types\/post"}],"author":[{"embeddable":true,"href":"https:\/\/armstrongyregion.com.ar\/diario\/wp-json\/wp\/v2\/users\/2"}],"replies":[{"embeddable":true,"href":"https:\/\/armstrongyregion.com.ar\/diario\/wp-json\/wp\/v2\/comments?post=2363"}],"version-history":[{"count":0,"href":"https:\/\/armstrongyregion.com.ar\/diario\/wp-json\/wp\/v2\/posts\/2363\/revisions"}],"wp:featuredmedia":[{"embeddable":true,"href":"https:\/\/armstrongyregion.com.ar\/diario\/wp-json\/wp\/v2\/media\/2364"}],"wp:attachment":[{"href":"https:\/\/armstrongyregion.com.ar\/diario\/wp-json\/wp\/v2\/media?parent=2363"}],"wp:term":[{"taxonomy":"category","embeddable":true,"href":"https:\/\/armstrongyregion.com.ar\/diario\/wp-json\/wp\/v2\/categories?post=2363"},{"taxonomy":"post_tag","embeddable":true,"href":"https:\/\/armstrongyregion.com.ar\/diario\/wp-json\/wp\/v2\/tags?post=2363"}],"curies":[{"name":"wp","href":"https:\/\/api.w.org\/{rel}","templated":true}]}}