{"id":23588,"date":"2019-10-31T00:26:58","date_gmt":"2019-10-31T00:26:58","guid":{"rendered":"https:\/\/armstrongyregion.com.ar\/diario\/?p=23588"},"modified":"2019-10-31T00:27:05","modified_gmt":"2019-10-31T00:27:05","slug":"rio-carcarana-exigen-a-la-provincia-remover-represa","status":"publish","type":"post","link":"https:\/\/armstrongyregion.com.ar\/diario\/rio-carcarana-exigen-a-la-provincia-remover-represa\/","title":{"rendered":"R\u00edo Carcara\u00f1\u00e1. Exigen a la provincia remover represa."},"content":{"rendered":"\n<figure class=\"wp-block-image\"><img loading=\"lazy\" decoding=\"async\" width=\"768\" height=\"432\" src=\"http:\/\/armstrongyregion.com.ar\/diario\/wp-content\/uploads\/2019\/10\/Represa-del-carcara\u00f1a.jpg\" alt=\"\" class=\"wp-image-23589\" srcset=\"https:\/\/armstrongyregion.com.ar\/diario\/wp-content\/uploads\/2019\/10\/Represa-del-carcara\u00f1a.jpg 768w, https:\/\/armstrongyregion.com.ar\/diario\/wp-content\/uploads\/2019\/10\/Represa-del-carcara\u00f1a-300x169.jpg 300w\" sizes=\"auto, (max-width: 768px) 100vw, 768px\" \/><\/figure>\n\n\n\n<h2 class=\"wp-block-heading\"><\/h2>\n\n\n\n<p><strong>La diputada provincial Claudia Giaccone (PJ)<\/strong>&nbsp;le&nbsp;<strong>pide al&nbsp;<\/strong><strong>Ejecutivo Provincia<\/strong>l&nbsp;que de manera inmediata<strong>&nbsp;cumpla con la resoluci\u00f3n&nbsp;<\/strong>del Ministerio de Medio Ambiente donde se rechazan informe ambiental de cumplimiento presentado por la firma Molino Juan Semino S.A., y se le<strong>&nbsp;ordena la presentaci\u00f3n de un plan de desmantelamiento y remoci\u00f3n de la represa sobre el r\u00edo Carcara\u00f1\u00e1.<\/strong><\/p>\n\n\n\n<p><em>\u201c<\/em><em>El pedido de retiro de la represa lleva m\u00e1s de 20 a\u00f1os\u201d,&nbsp;<\/em>dijo&nbsp;la diputada.<em>&nbsp;\u201cY fue promovido de manera sostenida e inclaudicable por numerosas organizaciones ambientales de la sociedad civil, instituciones y grupos de vecinos de la regi\u00f3n\u201d,&nbsp;<\/em><em>agreg\u00f3<\/em><\/p>\n\n\n\n<p><em>Asimismo Giaccone se\u00f1al\u00f3 que,&nbsp;<\/em><em>&nbsp;\u201c<\/em><em><strong>no es posible que una empresa privada se apropie de recursos que son p\u00fablicos como lo es el r\u00edo Carcara\u00f1\u00e1,<\/strong><\/em><em>&nbsp;interrumpiendo totalmente la navegaci\u00f3n y afectando gravemente la calidad medio ambiental debido a los da\u00f1os provocados a la reproducci\u00f3n y desarrollo de las especies ict\u00edcolas, entre otras consecuencias\u201d.&nbsp;<\/em><\/p>\n\n\n\n<p><em>\u201c<\/em><em>Las organizaciones que se movilizan tienen como objetivo la reversi\u00f3n de los da\u00f1os que se provocan, y para lograr ello es insostenible la continuidad del estado de situaci\u00f3n actual. Por eso pedimos al Gobierno provincial exija el cumplimiento efectivo de la orden de remoci\u00f3n lo antes posible\u201d,<\/em>&nbsp;concluy\u00f3 la diputada<\/p>\n\n\n\n<p><\/p>\n","protected":false},"excerpt":{"rendered":"<p>La diputada provincial Claudia Giaccone (PJ)&nbsp;le&nbsp;pide al&nbsp;Ejecutivo Provincial&nbsp;que de manera inmediata&nbsp;cumpla con la resoluci\u00f3n&nbsp;del Ministerio de Medio Ambiente donde se rechazan informe ambiental de cumplimiento presentado por la firma Molino Juan Semino S.A., y se le&nbsp;ordena la presentaci\u00f3n de un plan de desmantelamiento y remoci\u00f3n de la represa sobre el r\u00edo Carcara\u00f1\u00e1. \u201cEl pedido de <a href=\"https:\/\/armstrongyregion.com.ar\/diario\/rio-carcarana-exigen-a-la-provincia-remover-represa\/\" title=\"Read more\" >&#8230;<\/a><\/p>\n","protected":false},"author":1,"featured_media":23590,"comment_status":"open","ping_status":"open","sticky":false,"template":"","format":"image","meta":{"_jetpack_memberships_contains_paid_content":false,"footnotes":"","jetpack_publicize_message":"","jetpack_publicize_feature_enabled":true,"jetpack_social_post_already_shared":false,"jetpack_social_options":{"image_generator_settings":{"template":"highway","default_image_id":0,"enabled":false},"version":2}},"categories":[6,8,1,7,3],"tags":[],"class_list":["post-23588","post","type-post","status-publish","format-image","has-post-thumbnail","hentry","category-cultura-entretenimiento","category-deliberando","category-diario-armstrong","category-politica","category-region","post_format-post-format-image"],"jetpack_publicize_connections":[],"jetpack_featured_media_url":"https:\/\/armstrongyregion.com.ar\/diario\/wp-content\/uploads\/2019\/10\/Represa-del-carcara\u00f1a-1.jpg","jetpack_shortlink":"https:\/\/wp.me\/p62QDO-68s","jetpack_sharing_enabled":true,"amp_enabled":true,"_links":{"self":[{"href":"https:\/\/armstrongyregion.com.ar\/diario\/wp-json\/wp\/v2\/posts\/23588","targetHints":{"allow":["GET"]}}],"collection":[{"href":"https:\/\/armstrongyregion.com.ar\/diario\/wp-json\/wp\/v2\/posts"}],"about":[{"href":"https:\/\/armstrongyregion.com.ar\/diario\/wp-json\/wp\/v2\/types\/post"}],"author":[{"embeddable":true,"href":"https:\/\/armstrongyregion.com.ar\/diario\/wp-json\/wp\/v2\/users\/1"}],"replies":[{"embeddable":true,"href":"https:\/\/armstrongyregion.com.ar\/diario\/wp-json\/wp\/v2\/comments?post=23588"}],"version-history":[{"count":1,"href":"https:\/\/armstrongyregion.com.ar\/diario\/wp-json\/wp\/v2\/posts\/23588\/revisions"}],"predecessor-version":[{"id":23591,"href":"https:\/\/armstrongyregion.com.ar\/diario\/wp-json\/wp\/v2\/posts\/23588\/revisions\/23591"}],"wp:featuredmedia":[{"embeddable":true,"href":"https:\/\/armstrongyregion.com.ar\/diario\/wp-json\/wp\/v2\/media\/23590"}],"wp:attachment":[{"href":"https:\/\/armstrongyregion.com.ar\/diario\/wp-json\/wp\/v2\/media?parent=23588"}],"wp:term":[{"taxonomy":"category","embeddable":true,"href":"https:\/\/armstrongyregion.com.ar\/diario\/wp-json\/wp\/v2\/categories?post=23588"},{"taxonomy":"post_tag","embeddable":true,"href":"https:\/\/armstrongyregion.com.ar\/diario\/wp-json\/wp\/v2\/tags?post=23588"}],"curies":[{"name":"wp","href":"https:\/\/api.w.org\/{rel}","templated":true}]}}