{"id":23533,"date":"2019-10-28T01:46:24","date_gmt":"2019-10-28T01:46:24","guid":{"rendered":"https:\/\/armstrongyregion.com.ar\/diario\/?p=23533"},"modified":"2019-10-28T01:49:10","modified_gmt":"2019-10-28T01:49:10","slug":"las-rosas-para-presidente-gano-mauricio-macri","status":"publish","type":"post","link":"https:\/\/armstrongyregion.com.ar\/diario\/las-rosas-para-presidente-gano-mauricio-macri\/","title":{"rendered":"Las Rosas: para Presidente gan\u00f3 Mauricio Macri"},"content":{"rendered":"\n<ul class=\"wp-block-gallery columns-1 is-cropped wp-block-gallery-1 is-layout-flex wp-block-gallery-is-layout-flex\"><li class=\"blocks-gallery-item\"><figure><img loading=\"lazy\" decoding=\"async\" width=\"768\" height=\"468\" src=\"http:\/\/armstrongyregion.com.ar\/diario\/wp-content\/uploads\/2019\/10\/las-rosas-elecciones-19.png\" alt=\"\" data-id=\"23534\" data-link=\"https:\/\/armstrongyregion.com.ar\/diario\/?attachment_id=23534\" class=\"wp-image-23534\" srcset=\"https:\/\/armstrongyregion.com.ar\/diario\/wp-content\/uploads\/2019\/10\/las-rosas-elecciones-19.png 768w, https:\/\/armstrongyregion.com.ar\/diario\/wp-content\/uploads\/2019\/10\/las-rosas-elecciones-19-300x183.png 300w\" sizes=\"auto, (max-width: 768px) 100vw, 768px\" \/><\/figure><\/li><\/ul>\n\n\n\n<h2 class=\"wp-block-heading\"><\/h2>\n\n\n\n<p>Resultados oficiales en Las Rosas:<br>Macri-Pichetto&nbsp;&nbsp;<strong>4252 votos<\/strong>&nbsp; (47,35%)<br>Alberto-Cristina&nbsp;<strong>3512<\/strong>&nbsp;(39,09%)<br>Lavagna-Urtubey&nbsp;<strong>765<\/strong>&nbsp;(8,61%)<br>G\u00f3mez Centuri\u00f3n-Hotton&nbsp;<strong>221<\/strong>&nbsp;(2,45%)<br>Espert-Rosales&nbsp;<strong>151<\/strong>&nbsp;(1,68%)<br>Del Ca\u00f1o-Del Pla&nbsp;<strong>81<\/strong>&nbsp;(0,9%)<\/p>\n\n\n\n<p>9.154 de 11.666 electores (78.5%)<\/p>\n\n\n\n<p>Resultados oficiales en Departamento Belgrano:<br>Macri-Pichetto &nbsp;<strong>15906<\/strong>&nbsp;votos &nbsp;(52%)<br>Alberto-Cristina&nbsp;<strong>10728<\/strong>&nbsp;(35,1%)<br>Lavagna-Urtubey&nbsp;<strong>2729<\/strong>&nbsp;(8,9%)<br>G\u00f3mez Centuri\u00f3n-Hotton&nbsp;<strong>508<\/strong>&nbsp;(1,7%)<br>Espert-Rosales&nbsp;<strong>403<\/strong>&nbsp;(1,3%)<br>Del Ca\u00f1o-Del Pla&nbsp;<strong>313<\/strong>&nbsp;(1%)<\/p>\n\n\n\n<hr class=\"wp-block-separator\"\/>\n\n\n\n<p>Resultados oficiales en provincia de Santa Fe:<br>Macri-Pichetto &nbsp;<strong>859.140<\/strong>&nbsp;votos &nbsp;(43,6%)<br>Alberto-Cristina&nbsp;<strong>438.974<\/strong>&nbsp;(42,6%)<br>Lavagna-Urtubey&nbsp;<strong>175.107<\/strong>&nbsp;(8,9%)<br>Espert-Rosales&nbsp;<strong>36.574<\/strong>&nbsp;&nbsp;(1,8%)<br>G\u00f3mez Centuri\u00f3n-Hotton&nbsp;<strong>30.471<\/strong>&nbsp;(1,5%)<br>Del Ca\u00f1o-Del Pla&nbsp;<strong>28.392<\/strong>&nbsp;(1,4%)<br><br><\/p>\n\n\n\n<figure class=\"wp-block-image\"><a href=\"https:\/\/lasrosasdigital.com.ar\/noticia\/11677\/fernandez-fernandez-fueron-los-mas-votados-en-las-rosas\"><img decoding=\"async\" src=\"https:\/\/lasrosasdigital.com.ar\/download\/multimedia.normal.9de9d5542bd27052.4f7065726120496e7374616e74c3a16e65615f323031392d30382d31315f5f6e6f726d616c2e706e67.png\" alt=\"Opera Instant\u00e1nea_2019-08-11_\"\/><\/a><\/figure>\n\n\n\n<p><\/p>\n\n\n\n<p>Fuente: Las Rosas Digital.<\/p>\n","protected":false},"excerpt":{"rendered":"<p>Resultados oficiales en Las Rosas:Macri-Pichetto&nbsp;&nbsp;4252 votos&nbsp; (47,35%)Alberto-Cristina&nbsp;3512&nbsp;(39,09%)Lavagna-Urtubey&nbsp;765&nbsp;(8,61%)G\u00f3mez Centuri\u00f3n-Hotton&nbsp;221&nbsp;(2,45%)Espert-Rosales&nbsp;151&nbsp;(1,68%)Del Ca\u00f1o-Del Pla&nbsp;81&nbsp;(0,9%) 9.154 de 11.666 electores (78.5%) Resultados oficiales en Departamento Belgrano:Macri-Pichetto &nbsp;15906&nbsp;votos &nbsp;(52%)Alberto-Cristina&nbsp;10728&nbsp;(35,1%)Lavagna-Urtubey&nbsp;2729&nbsp;(8,9%)G\u00f3mez Centuri\u00f3n-Hotton&nbsp;508&nbsp;(1,7%)Espert-Rosales&nbsp;403&nbsp;(1,3%)Del Ca\u00f1o-Del Pla&nbsp;313&nbsp;(1%) Resultados oficiales en provincia de Santa Fe:Macri-Pichetto &nbsp;859.140&nbsp;votos &nbsp;(43,6%)Alberto-Cristina&nbsp;438.974&nbsp;(42,6%)Lavagna-Urtubey&nbsp;175.107&nbsp;(8,9%)Espert-Rosales&nbsp;36.574&nbsp;&nbsp;(1,8%)G\u00f3mez Centuri\u00f3n-Hotton&nbsp;30.471&nbsp;(1,5%)Del Ca\u00f1o-Del Pla&nbsp;28.392&nbsp;(1,4%) Fuente: Las Rosas Digital.<\/p>\n","protected":false},"author":1,"featured_media":23534,"comment_status":"open","ping_status":"open","sticky":false,"template":"","format":"gallery","meta":{"_jetpack_memberships_contains_paid_content":false,"footnotes":"","jetpack_publicize_message":"","jetpack_publicize_feature_enabled":true,"jetpack_social_post_already_shared":false,"jetpack_social_options":{"image_generator_settings":{"template":"highway","default_image_id":0,"enabled":false},"version":2}},"categories":[8,1,7],"tags":[],"class_list":["post-23533","post","type-post","status-publish","format-gallery","has-post-thumbnail","hentry","category-deliberando","category-diario-armstrong","category-politica","post_format-post-format-gallery"],"jetpack_publicize_connections":[],"jetpack_featured_media_url":"https:\/\/armstrongyregion.com.ar\/diario\/wp-content\/uploads\/2019\/10\/las-rosas-elecciones-19.png","jetpack_shortlink":"https:\/\/wp.me\/p62QDO-67z","jetpack_sharing_enabled":true,"amp_enabled":true,"_links":{"self":[{"href":"https:\/\/armstrongyregion.com.ar\/diario\/wp-json\/wp\/v2\/posts\/23533","targetHints":{"allow":["GET"]}}],"collection":[{"href":"https:\/\/armstrongyregion.com.ar\/diario\/wp-json\/wp\/v2\/posts"}],"about":[{"href":"https:\/\/armstrongyregion.com.ar\/diario\/wp-json\/wp\/v2\/types\/post"}],"author":[{"embeddable":true,"href":"https:\/\/armstrongyregion.com.ar\/diario\/wp-json\/wp\/v2\/users\/1"}],"replies":[{"embeddable":true,"href":"https:\/\/armstrongyregion.com.ar\/diario\/wp-json\/wp\/v2\/comments?post=23533"}],"version-history":[{"count":2,"href":"https:\/\/armstrongyregion.com.ar\/diario\/wp-json\/wp\/v2\/posts\/23533\/revisions"}],"predecessor-version":[{"id":23536,"href":"https:\/\/armstrongyregion.com.ar\/diario\/wp-json\/wp\/v2\/posts\/23533\/revisions\/23536"}],"wp:featuredmedia":[{"embeddable":true,"href":"https:\/\/armstrongyregion.com.ar\/diario\/wp-json\/wp\/v2\/media\/23534"}],"wp:attachment":[{"href":"https:\/\/armstrongyregion.com.ar\/diario\/wp-json\/wp\/v2\/media?parent=23533"}],"wp:term":[{"taxonomy":"category","embeddable":true,"href":"https:\/\/armstrongyregion.com.ar\/diario\/wp-json\/wp\/v2\/categories?post=23533"},{"taxonomy":"post_tag","embeddable":true,"href":"https:\/\/armstrongyregion.com.ar\/diario\/wp-json\/wp\/v2\/tags?post=23533"}],"curies":[{"name":"wp","href":"https:\/\/api.w.org\/{rel}","templated":true}]}}