{"id":235,"date":"2014-12-31T01:48:47","date_gmt":"2014-12-31T01:48:47","guid":{"rendered":"https:\/\/armstrongyregion.com.ar\/diario\/?p=235"},"modified":"2014-12-31T01:48:47","modified_gmt":"2014-12-31T01:48:47","slug":"marcos-cleri-en-la-inauguracion-de-una-planta-apicola-movil-en-la-comuna-de-bouquet","status":"publish","type":"post","link":"https:\/\/armstrongyregion.com.ar\/diario\/marcos-cleri-en-la-inauguracion-de-una-planta-apicola-movil-en-la-comuna-de-bouquet\/","title":{"rendered":"Marcos Cleri en la inauguraci\u00f3n de una planta ap\u00edcola m\u00f3vil en la Comuna de Bouquet."},"content":{"rendered":"<p><a href=\"http:\/\/armstrongyregion.com.ar\/diario\/wp-content\/uploads\/2014\/12\/Bouquet..jpg\"><img loading=\"lazy\" decoding=\"async\" class=\"alignnone size-medium wp-image-236\" src=\"http:\/\/armstrongyregion.com.ar\/diario\/wp-content\/uploads\/2014\/12\/Bouquet.-300x195.jpg\" alt=\"Bouquet.\" width=\"300\" height=\"195\" srcset=\"https:\/\/armstrongyregion.com.ar\/diario\/wp-content\/uploads\/2014\/12\/Bouquet.-300x195.jpg 300w, https:\/\/armstrongyregion.com.ar\/diario\/wp-content\/uploads\/2014\/12\/Bouquet..jpg 461w\" sizes=\"auto, (max-width: 300px) 100vw, 300px\" \/><\/a>\u201cSeguimos fomentando alternativas para las econom\u00edas regionales\u201d<\/p>\n<p>\u201cEstamos recorriendo permanentemente toda la provincia para que las pol\u00edticas integrales de transformaci\u00f3n que conduce la Presidenta lleguen a todas las regiones\u201d, dijo el diputado nacional Marcos Cleri al participar en la Comuna de Bouquet de la inauguraci\u00f3n una sala de extracci\u00f3n de miel m\u00f3vil que se pudo realizar con fondos de fondos provenientes del Gobierno Nacional, espec\u00edficamente del Ministerio de Agricultura.<\/p>\n<p>\u201cEsta sala m\u00f3vil de extracci\u00f3n de miel es de suma importancia para la regi\u00f3n ya que funcionar\u00e1 para todo el departamento Belgrano y al estar equipada con la \u00faltima tecnolog\u00eda permitir\u00e1 ofrecer una alternativa m\u00e1s que importante para mejorar la econom\u00eda ap\u00edcola de toda la zona\u201d, indic\u00f3 el legislador Marcos Cleri que estuvo acompa\u00f1ado por el Director Nacional de Capacitaci\u00f3n Municipal Ignacio Argonz perteneciente al Ministerio del Interior de la Naci\u00f3n, el Presidente Comunal Guillermo Cornaglia, el intendente de Las Parejas Diego Mansilla y el dirigente Germ\u00e1n Bacarella.<\/p>\n<p>\u201cEl crecimiento de la actividad industrial, con inversiones para la innovaci\u00f3n tecnol\u00f3gica, para ampliaciones y diversificaciones, para agregar valor a las cadenas productivas, es una de las prioridades que se sostiene desde el a\u00f1o 2003\u201d, sostuvo Marcos Cleri que tambi\u00e9n ponder\u00f3 las innumerables gestiones que hace el Gobierno Nacional en la regi\u00f3n \u201ccomo por ejemplos las bloqueras que desde el accionar de la Secretar\u00eda de Asuntos Municipales y Comunas genera permanentemente pol\u00edticas de impacto en cada una de las comunidades generando empleo y beneficios m\u00faltiples\u201d.<\/p>\n","protected":false},"excerpt":{"rendered":"<p>\u201cSeguimos fomentando alternativas para las econom\u00edas regionales\u201d \u201cEstamos recorriendo permanentemente toda la provincia para que las pol\u00edticas integrales de transformaci\u00f3n que conduce la Presidenta lleguen a todas las regiones\u201d, dijo el diputado nacional Marcos Cleri al participar en la Comuna de Bouquet de la inauguraci\u00f3n una sala de extracci\u00f3n de miel m\u00f3vil que se pudo <a href=\"https:\/\/armstrongyregion.com.ar\/diario\/marcos-cleri-en-la-inauguracion-de-una-planta-apicola-movil-en-la-comuna-de-bouquet\/\" title=\"Read more\" >&#8230;<\/a><\/p>\n","protected":false},"author":2,"featured_media":236,"comment_status":"open","ping_status":"open","sticky":false,"template":"","format":"standard","meta":{"_jetpack_memberships_contains_paid_content":false,"footnotes":"","jetpack_publicize_message":"","jetpack_publicize_feature_enabled":true,"jetpack_social_post_already_shared":false,"jetpack_social_options":{"image_generator_settings":{"template":"highway","default_image_id":0,"enabled":false},"version":2}},"categories":[1,3],"tags":[226,229,223,228,19,15,224,31,222,227,225,103],"class_list":["post-235","post","type-post","status-publish","format-standard","has-post-thumbnail","hentry","category-diario-armstrong","category-region","tag-apicola","tag-bouquet","tag-cleri","tag-comuna","tag-de","tag-en","tag-inauguracion","tag-la","tag-marcos","tag-movil-en","tag-planta","tag-una"],"jetpack_publicize_connections":[],"jetpack_featured_media_url":"https:\/\/armstrongyregion.com.ar\/diario\/wp-content\/uploads\/2014\/12\/Bouquet..jpg","jetpack_shortlink":"https:\/\/wp.me\/p62QDO-3N","jetpack_sharing_enabled":true,"amp_enabled":true,"_links":{"self":[{"href":"https:\/\/armstrongyregion.com.ar\/diario\/wp-json\/wp\/v2\/posts\/235","targetHints":{"allow":["GET"]}}],"collection":[{"href":"https:\/\/armstrongyregion.com.ar\/diario\/wp-json\/wp\/v2\/posts"}],"about":[{"href":"https:\/\/armstrongyregion.com.ar\/diario\/wp-json\/wp\/v2\/types\/post"}],"author":[{"embeddable":true,"href":"https:\/\/armstrongyregion.com.ar\/diario\/wp-json\/wp\/v2\/users\/2"}],"replies":[{"embeddable":true,"href":"https:\/\/armstrongyregion.com.ar\/diario\/wp-json\/wp\/v2\/comments?post=235"}],"version-history":[{"count":0,"href":"https:\/\/armstrongyregion.com.ar\/diario\/wp-json\/wp\/v2\/posts\/235\/revisions"}],"wp:featuredmedia":[{"embeddable":true,"href":"https:\/\/armstrongyregion.com.ar\/diario\/wp-json\/wp\/v2\/media\/236"}],"wp:attachment":[{"href":"https:\/\/armstrongyregion.com.ar\/diario\/wp-json\/wp\/v2\/media?parent=235"}],"wp:term":[{"taxonomy":"category","embeddable":true,"href":"https:\/\/armstrongyregion.com.ar\/diario\/wp-json\/wp\/v2\/categories?post=235"},{"taxonomy":"post_tag","embeddable":true,"href":"https:\/\/armstrongyregion.com.ar\/diario\/wp-json\/wp\/v2\/tags?post=235"}],"curies":[{"name":"wp","href":"https:\/\/api.w.org\/{rel}","templated":true}]}}