{"id":23480,"date":"2019-10-26T02:57:20","date_gmt":"2019-10-26T02:57:20","guid":{"rendered":"https:\/\/armstrongyregion.com.ar\/diario\/?p=23480"},"modified":"2019-10-26T02:57:20","modified_gmt":"2019-10-26T02:57:20","slug":"nueva-luminaria-en-acceso-a-la-ciudad","status":"publish","type":"post","link":"https:\/\/armstrongyregion.com.ar\/diario\/nueva-luminaria-en-acceso-a-la-ciudad\/","title":{"rendered":"Nueva luminaria en acceso a la ciudad."},"content":{"rendered":"<p><a href=\"http:\/\/armstrongyregion.com.ar\/diario\/wp-content\/uploads\/2019\/10\/inauguracion_luces.jpg\"><img loading=\"lazy\" decoding=\"async\" src=\"http:\/\/armstrongyregion.com.ar\/diario\/wp-content\/uploads\/2019\/10\/inauguracion_luces.jpg\" alt=\"inauguracion_luces\" width=\"768\" height=\"512\" class=\"alignnone size-full wp-image-23481\" srcset=\"https:\/\/armstrongyregion.com.ar\/diario\/wp-content\/uploads\/2019\/10\/inauguracion_luces.jpg 768w, https:\/\/armstrongyregion.com.ar\/diario\/wp-content\/uploads\/2019\/10\/inauguracion_luces-300x200.jpg 300w\" sizes=\"auto, (max-width: 768px) 100vw, 768px\" \/><\/a>Luego de la inauguraci\u00f3n oficial del pavimento en Bv. Villa Mar\u00eda, el Sr. Gobernador de la Provincia de Santa Fe junto al Intendente Dr. Pablo Verdecchia y dem\u00e1s autoridades, se trasladaron a la intersecci\u00f3n de Ruta Provincial N\u00b0 15 y calle Flotron para realizar el encendido simb\u00f3lico de la nueva luminaria led del lugar.<\/p>\n<p>Se trata de un proyecto conjunto entre el gobierno provincial, el municipio y la Cooperativa de Obras y Servicios P\u00fablicos de la ciudad, dirigido principalmente a la seguridad vial, ya que cientos de armstronenses concurren a sus trabajos en el \u00e1rea industrial en horario nocturno, sobre todo en invierno.<\/p>\n<p>Son leds que producen 135 l\u00famenes por vatio, tecnolog\u00eda s\u00f3lida y de futuro, con alto rendimiento a menor costo de consumo, y de industria nacional.<\/p>\n<p>Una segunda parte de este proyecto prev\u00e9 la colocaci\u00f3n de luces led en la bicisenda que conecta el acceso del \u00e1rea industrial hasta la intersecci\u00f3n de calle La Plata y el ferrocarril, pasando por el paseo saludable \u201cDr. Ren\u00e9 Favaloro\u201d, y una tercera etapa de luminaria en calle Schaer en su recorrido hasta Ruta N\u00b0 15, y dicho acceso.<\/p>\n","protected":false},"excerpt":{"rendered":"<p>Luego de la inauguraci\u00f3n oficial del pavimento en Bv. Villa Mar\u00eda, el Sr. Gobernador de la Provincia de Santa Fe junto al Intendente Dr. Pablo Verdecchia y dem\u00e1s autoridades, se trasladaron a la intersecci\u00f3n de Ruta Provincial N\u00b0 15 y calle Flotron para realizar el encendido simb\u00f3lico de la nueva luminaria led del lugar. Se <a href=\"https:\/\/armstrongyregion.com.ar\/diario\/nueva-luminaria-en-acceso-a-la-ciudad\/\" title=\"Read more\" >&#8230;<\/a><\/p>\n","protected":false},"author":1,"featured_media":23481,"comment_status":"open","ping_status":"open","sticky":false,"template":"","format":"standard","meta":{"_jetpack_memberships_contains_paid_content":false,"footnotes":"","jetpack_publicize_message":"","jetpack_publicize_feature_enabled":true,"jetpack_social_post_already_shared":false,"jetpack_social_options":{"image_generator_settings":{"template":"highway","default_image_id":0,"enabled":false},"version":2}},"categories":[8,1,2,7,3],"tags":[8464],"class_list":["post-23480","post","type-post","status-publish","format-standard","has-post-thumbnail","hentry","category-deliberando","category-diario-armstrong","category-locales","category-politica","category-region","tag-nueva-luminaria-en-acceso-a-la-ciudad"],"jetpack_publicize_connections":[],"jetpack_featured_media_url":"https:\/\/armstrongyregion.com.ar\/diario\/wp-content\/uploads\/2019\/10\/inauguracion_luces.jpg","jetpack_shortlink":"https:\/\/wp.me\/p62QDO-66I","jetpack_sharing_enabled":true,"amp_enabled":true,"_links":{"self":[{"href":"https:\/\/armstrongyregion.com.ar\/diario\/wp-json\/wp\/v2\/posts\/23480","targetHints":{"allow":["GET"]}}],"collection":[{"href":"https:\/\/armstrongyregion.com.ar\/diario\/wp-json\/wp\/v2\/posts"}],"about":[{"href":"https:\/\/armstrongyregion.com.ar\/diario\/wp-json\/wp\/v2\/types\/post"}],"author":[{"embeddable":true,"href":"https:\/\/armstrongyregion.com.ar\/diario\/wp-json\/wp\/v2\/users\/1"}],"replies":[{"embeddable":true,"href":"https:\/\/armstrongyregion.com.ar\/diario\/wp-json\/wp\/v2\/comments?post=23480"}],"version-history":[{"count":0,"href":"https:\/\/armstrongyregion.com.ar\/diario\/wp-json\/wp\/v2\/posts\/23480\/revisions"}],"wp:featuredmedia":[{"embeddable":true,"href":"https:\/\/armstrongyregion.com.ar\/diario\/wp-json\/wp\/v2\/media\/23481"}],"wp:attachment":[{"href":"https:\/\/armstrongyregion.com.ar\/diario\/wp-json\/wp\/v2\/media?parent=23480"}],"wp:term":[{"taxonomy":"category","embeddable":true,"href":"https:\/\/armstrongyregion.com.ar\/diario\/wp-json\/wp\/v2\/categories?post=23480"},{"taxonomy":"post_tag","embeddable":true,"href":"https:\/\/armstrongyregion.com.ar\/diario\/wp-json\/wp\/v2\/tags?post=23480"}],"curies":[{"name":"wp","href":"https:\/\/api.w.org\/{rel}","templated":true}]}}