{"id":23451,"date":"2019-10-23T12:26:12","date_gmt":"2019-10-23T12:26:12","guid":{"rendered":"https:\/\/armstrongyregion.com.ar\/diario\/?p=23451"},"modified":"2019-10-23T12:26:12","modified_gmt":"2019-10-23T12:26:12","slug":"enrique-estevez-cuando-cargamos-combustible-le-estamos-pagando-el-colectivo-a-los-portenos","status":"publish","type":"post","link":"https:\/\/armstrongyregion.com.ar\/diario\/enrique-estevez-cuando-cargamos-combustible-le-estamos-pagando-el-colectivo-a-los-portenos\/","title":{"rendered":"Enrique Est\u00e9vez: \u00abCuando cargamos combustible le estamos pagando el colectivo a los porte\u00f1os\u00bb"},"content":{"rendered":"<p><a href=\"http:\/\/armstrongyregion.com.ar\/diario\/wp-content\/uploads\/2019\/10\/boero-lavagna.jpg\"><img loading=\"lazy\" decoding=\"async\" src=\"http:\/\/armstrongyregion.com.ar\/diario\/wp-content\/uploads\/2019\/10\/boero-lavagna.jpg\" alt=\"boero-lavagna\" width=\"690\" height=\"459\" class=\"alignnone size-full wp-image-23452\" srcset=\"https:\/\/armstrongyregion.com.ar\/diario\/wp-content\/uploads\/2019\/10\/boero-lavagna.jpg 690w, https:\/\/armstrongyregion.com.ar\/diario\/wp-content\/uploads\/2019\/10\/boero-lavagna-300x200.jpg 300w\" sizes=\"auto, (max-width: 690px) 100vw, 690px\" \/><\/a>El candidato a diputado nacional por Consenso Federal, Enrique Est\u00e9vez, se lament\u00f3 de la falta de federalismo por parte de los gobiernos nacionales actual y anterior, y dijo que \u00abpara que el pa\u00eds salga adelante\u00bb se necesita \u00abde la fuerza del interior productivo\u00bb.<\/p>\n<p>\u00abCuando cargamos combustible, no solo estamos poniendo en marcha nuestro veh\u00edculo, sino tambi\u00e9n el transporte p\u00fablico de Capital Federal y el \u00e1rea metropolitana\u00bb, cont\u00f3 Est\u00e9vez, y se mostr\u00f3 preocupado con el proyecto de Ley de presupuesto 2020 donde no se observa asignaci\u00f3n de recursos destinados al transporte p\u00fablico del interior del pa\u00eds.<\/p>\n<p>En ese sentido, el referente progresista exclam\u00f3: \u00abVamos a ir al Congreso Nacional para defender realmente a Santa Fe. Tenemos que dejar de tener diputados levantamanos de los partidos que s\u00f3lo les importa Buenos Aires\u00bb.<\/p>\n<p>Asimismo, Est\u00e9vez se refiri\u00f3 a la coyuntura nacional. \u00abMacri ya perdi\u00f3, su techo fueron las elecciones PASO. Y su fracaso econ\u00f3mico nos deja compartiendo con Venezuela y Zimbabwe el lamentable ranking de los paises con mayor inflaci\u00f3n del mundo\u00bb, analiz\u00f3 el candidato santafesino de Lavagna.<\/p>\n<p>Asimismo, el postulante a diputado nacional por Consenso Federal fue lapidario y dijo que \u00abtodos quieren a Lavagna en su equipo\u00bb porque \u00ablos dem\u00e1s no saben c\u00f3mo sacar a la Argentina de la crisis\u00bb. \u00abLavagna es el \u00fanico que tiene un plan econ\u00f3mico para asegurar un futuro de crecimiento para nuestro pa\u00eds pensando en los argentinos, porque ya lo hizo\u00bb.<\/p>\n<p>\u00abAlberto Fern\u00e1ndez lo quiere en su equipo, pero Lavagna se fue del kirchnerismo denunciando cartelizaci\u00f3n y sobreprecios en la obra p\u00fablica\u00bb, enfatiz\u00f3 el socialista Est\u00e9vez.<\/p>\n<p>En ese mismo tono se refiri\u00f3 el propio Lavagna en su paso por la provincia de Santa Fe sobre el presidente Macri. \u00abEl gobierno nacional de Mauricio Macri est\u00e1 copiando las medidas que proponemos desde Consenso Federal\u201d pero que las mismas -subir el salario m\u00ednimo vital y m\u00f3vil, rebaja de Ganancias y del IVA, ley PYME- son \u00abun manotazo de ahogado\u201d previo a las elecciones.<\/p>\n<p>\u201cLa verdad es que el pa\u00eds lleva 8 a\u00f1os de estancamiento econ\u00f3mico seg\u00fan las propias cifras oficiales, y los \u00faltimos dos a\u00f1os de ca\u00edda del empleo y de la producci\u00f3n\u00bb, explic\u00f3 el candidato presidencial Roberto Lavagna, y expres\u00f3 que \u00abnadie asume la responsabilidad de esos gobiernos\u00bb.<\/p>\n<p>\u00abEn este escenario de crisis es imperioso generar una mesa de di\u00e1logo nacional, con todos los sectores, y el \u00fanico que puede garantizar esto por no estar atravesado por el odio de la grieta es Roberto Lavagna\u00bb, concluy\u00f3 Enrique Est\u00e9vez.<\/p>\n","protected":false},"excerpt":{"rendered":"<p>El candidato a diputado nacional por Consenso Federal, Enrique Est\u00e9vez, se lament\u00f3 de la falta de federalismo por parte de los gobiernos nacionales actual y anterior, y dijo que \u00abpara que el pa\u00eds salga adelante\u00bb se necesita \u00abde la fuerza del interior productivo\u00bb. \u00abCuando cargamos combustible, no solo estamos poniendo en marcha nuestro veh\u00edculo, sino <a href=\"https:\/\/armstrongyregion.com.ar\/diario\/enrique-estevez-cuando-cargamos-combustible-le-estamos-pagando-el-colectivo-a-los-portenos\/\" title=\"Read more\" >&#8230;<\/a><\/p>\n","protected":false},"author":1,"featured_media":23452,"comment_status":"open","ping_status":"open","sticky":false,"template":"","format":"standard","meta":{"_jetpack_memberships_contains_paid_content":false,"footnotes":"","jetpack_publicize_message":"","jetpack_publicize_feature_enabled":true,"jetpack_social_post_already_shared":false,"jetpack_social_options":{"image_generator_settings":{"template":"highway","default_image_id":0,"enabled":false},"version":2}},"categories":[8,1,2,7,3],"tags":[8456],"class_list":["post-23451","post","type-post","status-publish","format-standard","has-post-thumbnail","hentry","category-deliberando","category-diario-armstrong","category-locales","category-politica","category-region","tag-enrique-estevez-cuando-cargamos-combustible-le-estamos-pagando-el-colectivo-a-los-portenos"],"jetpack_publicize_connections":[],"jetpack_featured_media_url":"https:\/\/armstrongyregion.com.ar\/diario\/wp-content\/uploads\/2019\/10\/boero-lavagna.jpg","jetpack_shortlink":"https:\/\/wp.me\/p62QDO-66f","jetpack_sharing_enabled":true,"amp_enabled":true,"_links":{"self":[{"href":"https:\/\/armstrongyregion.com.ar\/diario\/wp-json\/wp\/v2\/posts\/23451","targetHints":{"allow":["GET"]}}],"collection":[{"href":"https:\/\/armstrongyregion.com.ar\/diario\/wp-json\/wp\/v2\/posts"}],"about":[{"href":"https:\/\/armstrongyregion.com.ar\/diario\/wp-json\/wp\/v2\/types\/post"}],"author":[{"embeddable":true,"href":"https:\/\/armstrongyregion.com.ar\/diario\/wp-json\/wp\/v2\/users\/1"}],"replies":[{"embeddable":true,"href":"https:\/\/armstrongyregion.com.ar\/diario\/wp-json\/wp\/v2\/comments?post=23451"}],"version-history":[{"count":0,"href":"https:\/\/armstrongyregion.com.ar\/diario\/wp-json\/wp\/v2\/posts\/23451\/revisions"}],"wp:featuredmedia":[{"embeddable":true,"href":"https:\/\/armstrongyregion.com.ar\/diario\/wp-json\/wp\/v2\/media\/23452"}],"wp:attachment":[{"href":"https:\/\/armstrongyregion.com.ar\/diario\/wp-json\/wp\/v2\/media?parent=23451"}],"wp:term":[{"taxonomy":"category","embeddable":true,"href":"https:\/\/armstrongyregion.com.ar\/diario\/wp-json\/wp\/v2\/categories?post=23451"},{"taxonomy":"post_tag","embeddable":true,"href":"https:\/\/armstrongyregion.com.ar\/diario\/wp-json\/wp\/v2\/tags?post=23451"}],"curies":[{"name":"wp","href":"https:\/\/api.w.org\/{rel}","templated":true}]}}